{"id":16183,"date":"2024-03-14T18:55:41","date_gmt":"2024-03-14T17:55:41","guid":{"rendered":"http:\/\/przedszkole.kosowlacki.pl\/wordpress\/?p=16183"},"modified":"2024-03-14T18:55:41","modified_gmt":"2024-03-14T17:55:41","slug":"dzien-kolorowej-skarpetki-3","status":"publish","type":"post","link":"http:\/\/przedszkole.kosowlacki.pl\/wordpress\/dzien-kolorowej-skarpetki-3\/","title":{"rendered":"Dzie\u0144 Kolorowej Skarpetki"},"content":{"rendered":"<p>Dzie\u0144 Kolorowej Skarpetki<\/p>\n<p>&#8222;Ca\u0142kiem r\u00f3\u017cne mam skarpety.<\/p>\n<p>A dlaczego? Kto odgadnie?<\/p>\n<p>Czy gdzie\u015b w pralce si\u0119 zgubi\u0142y?<\/p>\n<p>Czy tak jest po prostu \u0142adnie?&#8221;<\/p>\n<p>Nasze przedszkolaki wiedz\u0105, dlaczego dzi\u015b ca\u0142e przedszkole nosi\u0142o skarpetki nie do pary. W ten spos\u00f3b chcemy w\u0142\u0105czy\u0107 si\u0119 w \u015awiatowy Dzie\u0144 Os\u00f3b z Zespo\u0142em Downa. Osoby z Trisiomi\u0105 21 mimo wielu trudno\u015bci oraz przeciwno\u015bci s\u0105 niezwykle pogodnymi i szczerymi osobami, dlatego warto podnosi\u0107 \u015bwiadomo\u015b\u0107 na temat tego zespo\u0142u. Dzisiaj du\u017co rozmawiali\u015bmy o tolerancji, pomocy i akceptacji os\u00f3b z niepe\u0142nosprawno\u015bciami. W ka\u017cdej grupie opr\u00f3cz kolorowych skarpetek na stopach, zawis\u0142y r\u00f3wnie\u017c kolorowe skarpetki malowane, kolorowane i wyklejane r\u00f3\u017cnymi materia\u0142ami. Zdecydowanie by\u0142 to bardzo kolorowy dzie\u0144!<\/p>\n<p>&nbsp;<\/p>\n<p style=\"text-align: right;\">A. Ferenc<\/p>\n","protected":false},"excerpt":{"rendered":"<p>Dzie\u0144 Kolorowej Skarpetki &#8222;Ca\u0142kiem r\u00f3\u017cne mam skarpety. A dlaczego? Kto odgadnie? Czy gdzie\u015b w pralce si\u0119 zgubi\u0142y? Czy tak jest po prostu \u0142adnie?&#8221; Nasze przedszkolaki wiedz\u0105, dlaczego dzi\u015b ca\u0142e przedszkole nosi\u0142o skarpetki nie do pary. W ten spos\u00f3b chcemy w\u0142\u0105czy\u0107 si\u0119 w \u015awiatowy Dzie\u0144 Os\u00f3b z Zespo\u0142em Downa. Osoby z Trisiomi\u0105 21 mimo wielu trudno\u015bci&hellip; <br \/> <a class=\"read-more\" href=\"http:\/\/przedszkole.kosowlacki.pl\/wordpress\/dzien-kolorowej-skarpetki-3\/\">Read more<\/a><\/p>\n","protected":false},"author":8,"featured_media":0,"comment_status":"open","ping_status":"open","sticky":false,"template":"","format":"standard","meta":[],"categories":[10],"tags":[],"_links":{"self":[{"href":"http:\/\/przedszkole.kosowlacki.pl\/wordpress\/wp-json\/wp\/v2\/posts\/16183"}],"collection":[{"href":"http:\/\/przedszkole.kosowlacki.pl\/wordpress\/wp-json\/wp\/v2\/posts"}],"about":[{"href":"http:\/\/przedszkole.kosowlacki.pl\/wordpress\/wp-json\/wp\/v2\/types\/post"}],"author":[{"embeddable":true,"href":"http:\/\/przedszkole.kosowlacki.pl\/wordpress\/wp-json\/wp\/v2\/users\/8"}],"replies":[{"embeddable":true,"href":"http:\/\/przedszkole.kosowlacki.pl\/wordpress\/wp-json\/wp\/v2\/comments?post=16183"}],"version-history":[{"count":1,"href":"http:\/\/przedszkole.kosowlacki.pl\/wordpress\/wp-json\/wp\/v2\/posts\/16183\/revisions"}],"predecessor-version":[{"id":16184,"href":"http:\/\/przedszkole.kosowlacki.pl\/wordpress\/wp-json\/wp\/v2\/posts\/16183\/revisions\/16184"}],"wp:attachment":[{"href":"http:\/\/przedszkole.kosowlacki.pl\/wordpress\/wp-json\/wp\/v2\/media?parent=16183"}],"wp:term":[{"taxonomy":"category","embeddable":true,"href":"http:\/\/przedszkole.kosowlacki.pl\/wordpress\/wp-json\/wp\/v2\/categories?post=16183"},{"taxonomy":"post_tag","embeddable":true,"href":"http:\/\/przedszkole.kosowlacki.pl\/wordpress\/wp-json\/wp\/v2\/tags?post=16183"}],"curies":[{"name":"wp","href":"https:\/\/api.w.org\/{rel}","templated":true}]}}