{"id":16176,"date":"2024-03-11T11:06:07","date_gmt":"2024-03-11T10:06:07","guid":{"rendered":"http:\/\/przedszkole.kosowlacki.pl\/wordpress\/?p=16176"},"modified":"2024-03-11T11:08:07","modified_gmt":"2024-03-11T10:08:07","slug":"ogloszenie-24","status":"publish","type":"post","link":"http:\/\/przedszkole.kosowlacki.pl\/wordpress\/ogloszenie-24\/","title":{"rendered":"Og\u0142oszenie"},"content":{"rendered":"<h3>W czwartek <span style=\"color: #ff0000;\">14 marca<\/span> w naszym przedszkolu b\u0119dziemy obchodzi\u0107 <span style=\"color: #ff6600;\">Dzie\u0144<\/span> <span style=\"color: #00ff00;\">Kolorowej<\/span> <span style=\"color: #3366ff;\">Skarpetki<\/span> &#8211; bardzo prosimy, aby dzieci w tym dniu mia\u0142y na sobie kolorowe <span style=\"color: #ff0000;\">skarpetki nie do pary<\/span>.<\/h3>\n<p><img loading=\"lazy\" class=\"wp-image-16177 aligncenter\" src=\"http:\/\/przedszkole.kosowlacki.pl\/wordpress\/wp-content\/uploads\/2024\/03\/skarpetki12.jpg\" alt=\"\" width=\"573\" height=\"381\" srcset=\"http:\/\/przedszkole.kosowlacki.pl\/wordpress\/wp-content\/uploads\/2024\/03\/skarpetki12.jpg 810w, http:\/\/przedszkole.kosowlacki.pl\/wordpress\/wp-content\/uploads\/2024\/03\/skarpetki12-300x199.jpg 300w, http:\/\/przedszkole.kosowlacki.pl\/wordpress\/wp-content\/uploads\/2024\/03\/skarpetki12-768x510.jpg 768w\" sizes=\"(max-width: 573px) 100vw, 573px\" \/><\/p>\n<p>&nbsp;<\/p>\n","protected":false},"excerpt":{"rendered":"<p>W czwartek 14 marca w naszym przedszkolu b\u0119dziemy obchodzi\u0107 Dzie\u0144 Kolorowej Skarpetki &#8211; bardzo prosimy, aby dzieci w tym dniu mia\u0142y na sobie kolorowe skarpetki nie do pary. &nbsp;<\/p>\n","protected":false},"author":2,"featured_media":0,"comment_status":"open","ping_status":"open","sticky":false,"template":"","format":"standard","meta":[],"categories":[11],"tags":[],"_links":{"self":[{"href":"http:\/\/przedszkole.kosowlacki.pl\/wordpress\/wp-json\/wp\/v2\/posts\/16176"}],"collection":[{"href":"http:\/\/przedszkole.kosowlacki.pl\/wordpress\/wp-json\/wp\/v2\/posts"}],"about":[{"href":"http:\/\/przedszkole.kosowlacki.pl\/wordpress\/wp-json\/wp\/v2\/types\/post"}],"author":[{"embeddable":true,"href":"http:\/\/przedszkole.kosowlacki.pl\/wordpress\/wp-json\/wp\/v2\/users\/2"}],"replies":[{"embeddable":true,"href":"http:\/\/przedszkole.kosowlacki.pl\/wordpress\/wp-json\/wp\/v2\/comments?post=16176"}],"version-history":[{"count":4,"href":"http:\/\/przedszkole.kosowlacki.pl\/wordpress\/wp-json\/wp\/v2\/posts\/16176\/revisions"}],"predecessor-version":[{"id":16181,"href":"http:\/\/przedszkole.kosowlacki.pl\/wordpress\/wp-json\/wp\/v2\/posts\/16176\/revisions\/16181"}],"wp:attachment":[{"href":"http:\/\/przedszkole.kosowlacki.pl\/wordpress\/wp-json\/wp\/v2\/media?parent=16176"}],"wp:term":[{"taxonomy":"category","embeddable":true,"href":"http:\/\/przedszkole.kosowlacki.pl\/wordpress\/wp-json\/wp\/v2\/categories?post=16176"},{"taxonomy":"post_tag","embeddable":true,"href":"http:\/\/przedszkole.kosowlacki.pl\/wordpress\/wp-json\/wp\/v2\/tags?post=16176"}],"curies":[{"name":"wp","href":"https:\/\/api.w.org\/{rel}","templated":true}]}}