{"id":16078,"date":"2024-03-05T11:04:06","date_gmt":"2024-03-05T10:04:06","guid":{"rendered":"http:\/\/przedszkole.kosowlacki.pl\/wordpress\/?p=16078"},"modified":"2024-03-05T11:04:06","modified_gmt":"2024-03-05T10:04:06","slug":"bystrzak-czyta-i-wie-czytanie-bajek-przez-rodzicow","status":"publish","type":"post","link":"http:\/\/przedszkole.kosowlacki.pl\/wordpress\/bystrzak-czyta-i-wie-czytanie-bajek-przez-rodzicow\/","title":{"rendered":"\u201eBYSTRZAK CZYTA I WIE\u201d \u2013 Czytanie bajek przez rodzic\u00f3w."},"content":{"rendered":"<p style=\"text-align: center;\">Systematyczny kontakt dziecka z\u00a0ksi\u0105\u017ck\u0105 aktywizuje jego rozw\u00f3j intelektualny i\u00a0emocjonalny, budzi wra\u017cliwo\u015b\u0107 estetyczn\u0105,<\/p>\n<p style=\"text-align: center;\">sprzyja rozwijaniu postaw tw\u00f3rczych oraz wyzwala ekspresj\u0119 dzieci\u0119c\u0105.<\/p>\n<p style=\"text-align: center;\">\nW bie\u017c\u0105cym roku rozpocz\u0119li\u015bmy w naszym przedszkolu akcj\u0119 czytania ksi\u0105\u017cek przez rodzic\u00f3w,<\/p>\n<p style=\"text-align: center;\">kt\u00f3ra ma na celu kszta\u0142cenie nawyk\u00f3w czytelniczych w\u015br\u00f3d przedszkolak\u00f3w,<\/p>\n<p style=\"text-align: center;\">przekazywanie za po\u015brednictwem literatury warto\u015bci moralnych oraz budowanie wi\u0119zi mi\u0119dzy rodzicem i dzieckiem.<\/p>\n<p style=\"text-align: center;\"><strong>Dzi\u0119kujemy za odwiedziny i zapraszamy kolejnych rodzic\u00f3w!<\/strong><\/p>\n<p style=\"text-align: center;\">\u201dCzytanie ksi\u0105\u017cek to najpi\u0119kniejsza zabawa, jak\u0105 sobie ludzko\u015b\u0107 wymy\u015bli\u0142a\u201d &#8211;\u00a0 Wis\u0142awa Szymborska<\/p>\n<p style=\"text-align: right;\">Ewa Ciesielska<\/p>\n","protected":false},"excerpt":{"rendered":"<p>Systematyczny kontakt dziecka z\u00a0ksi\u0105\u017ck\u0105 aktywizuje jego rozw\u00f3j intelektualny i\u00a0emocjonalny, budzi wra\u017cliwo\u015b\u0107 estetyczn\u0105, sprzyja rozwijaniu postaw tw\u00f3rczych oraz wyzwala ekspresj\u0119 dzieci\u0119c\u0105. W bie\u017c\u0105cym roku rozpocz\u0119li\u015bmy w naszym przedszkolu akcj\u0119 czytania ksi\u0105\u017cek przez rodzic\u00f3w, kt\u00f3ra ma na celu kszta\u0142cenie nawyk\u00f3w czytelniczych w\u015br\u00f3d przedszkolak\u00f3w, przekazywanie za po\u015brednictwem literatury warto\u015bci moralnych oraz budowanie wi\u0119zi mi\u0119dzy rodzicem i dzieckiem. Dzi\u0119kujemy&hellip; <br \/> <a class=\"read-more\" href=\"http:\/\/przedszkole.kosowlacki.pl\/wordpress\/bystrzak-czyta-i-wie-czytanie-bajek-przez-rodzicow\/\">Read more<\/a><\/p>\n","protected":false},"author":8,"featured_media":0,"comment_status":"open","ping_status":"open","sticky":false,"template":"","format":"standard","meta":[],"categories":[10],"tags":[],"_links":{"self":[{"href":"http:\/\/przedszkole.kosowlacki.pl\/wordpress\/wp-json\/wp\/v2\/posts\/16078"}],"collection":[{"href":"http:\/\/przedszkole.kosowlacki.pl\/wordpress\/wp-json\/wp\/v2\/posts"}],"about":[{"href":"http:\/\/przedszkole.kosowlacki.pl\/wordpress\/wp-json\/wp\/v2\/types\/post"}],"author":[{"embeddable":true,"href":"http:\/\/przedszkole.kosowlacki.pl\/wordpress\/wp-json\/wp\/v2\/users\/8"}],"replies":[{"embeddable":true,"href":"http:\/\/przedszkole.kosowlacki.pl\/wordpress\/wp-json\/wp\/v2\/comments?post=16078"}],"version-history":[{"count":1,"href":"http:\/\/przedszkole.kosowlacki.pl\/wordpress\/wp-json\/wp\/v2\/posts\/16078\/revisions"}],"predecessor-version":[{"id":16079,"href":"http:\/\/przedszkole.kosowlacki.pl\/wordpress\/wp-json\/wp\/v2\/posts\/16078\/revisions\/16079"}],"wp:attachment":[{"href":"http:\/\/przedszkole.kosowlacki.pl\/wordpress\/wp-json\/wp\/v2\/media?parent=16078"}],"wp:term":[{"taxonomy":"category","embeddable":true,"href":"http:\/\/przedszkole.kosowlacki.pl\/wordpress\/wp-json\/wp\/v2\/categories?post=16078"},{"taxonomy":"post_tag","embeddable":true,"href":"http:\/\/przedszkole.kosowlacki.pl\/wordpress\/wp-json\/wp\/v2\/tags?post=16078"}],"curies":[{"name":"wp","href":"https:\/\/api.w.org\/{rel}","templated":true}]}}