{"id":16066,"date":"2024-02-26T10:34:00","date_gmt":"2024-02-26T09:34:00","guid":{"rendered":"http:\/\/przedszkole.kosowlacki.pl\/wordpress\/?p=16066"},"modified":"2024-02-26T10:35:38","modified_gmt":"2024-02-26T09:35:38","slug":"konkurs-pokaz-malych-talentow","status":"publish","type":"post","link":"http:\/\/przedszkole.kosowlacki.pl\/wordpress\/konkurs-pokaz-malych-talentow\/","title":{"rendered":"KONKURS &#8222;POKAZ MA\u0141YCH TALENT\u00d3W&#8221;"},"content":{"rendered":"<p>&nbsp;<\/p>\n<p><a href=\"http:\/\/przedszkole.kosowlacki.pl\/wordpress\/wp-content\/uploads\/2024\/02\/plakat-pokaz-talentow.jpg\"><img loading=\"lazy\" class=\"alignnone wp-image-16067 size-medium\" src=\"http:\/\/przedszkole.kosowlacki.pl\/wordpress\/wp-content\/uploads\/2024\/02\/plakat-pokaz-talentow-212x300.jpg\" alt=\"\" width=\"212\" height=\"300\" srcset=\"http:\/\/przedszkole.kosowlacki.pl\/wordpress\/wp-content\/uploads\/2024\/02\/plakat-pokaz-talentow-212x300.jpg 212w, http:\/\/przedszkole.kosowlacki.pl\/wordpress\/wp-content\/uploads\/2024\/02\/plakat-pokaz-talentow-724x1024.jpg 724w, http:\/\/przedszkole.kosowlacki.pl\/wordpress\/wp-content\/uploads\/2024\/02\/plakat-pokaz-talentow-768x1086.jpg 768w, http:\/\/przedszkole.kosowlacki.pl\/wordpress\/wp-content\/uploads\/2024\/02\/plakat-pokaz-talentow-1086x1536.jpg 1086w, http:\/\/przedszkole.kosowlacki.pl\/wordpress\/wp-content\/uploads\/2024\/02\/plakat-pokaz-talentow-1448x2048.jpg 1448w, http:\/\/przedszkole.kosowlacki.pl\/wordpress\/wp-content\/uploads\/2024\/02\/plakat-pokaz-talentow-1024x1449.jpg 1024w, http:\/\/przedszkole.kosowlacki.pl\/wordpress\/wp-content\/uploads\/2024\/02\/plakat-pokaz-talentow-763x1080.jpg 763w, http:\/\/przedszkole.kosowlacki.pl\/wordpress\/wp-content\/uploads\/2024\/02\/plakat-pokaz-talentow.jpg 1587w\" sizes=\"(max-width: 212px) 100vw, 212px\" \/><\/a><\/p>\n<p><strong>Regulamin konkursu \u201ePokaz ma\u0142ych talent\u00f3w\u201d<\/strong><\/p>\n<ol>\n<li>Organizator konkursu: Gminne Przedszkole w Kosowie Lackim<\/li>\n<li>Koordynator konkursu : Aneta Ferenc, Patrycja Osipiak, Hanna Materska-Kucharek<\/li>\n<\/ol>\n<ul>\n<li>Data konkursu: 20 marzec 2024r.<\/li>\n<\/ul>\n<ol>\n<li>Data zg\u0142oszenia: 15 marzec 2024r.<\/li>\n<li>Cele konkursu:<\/li>\n<\/ol>\n<ul>\n<li>rozwijanie zainteresowa\u0144 i pasji przedszkolak\u00f3w,<\/li>\n<li>zaprezentowanie w \u015brodowisku przedszkolnym r\u00f3\u017cnorodnych talent\u00f3w,<\/li>\n<li>promocja tw\u00f3rczych form sp\u0119dzania wolnego czasu,<\/li>\n<li>popularyzacja dzia\u0142a\u0144 artystycznych dzieci.<\/li>\n<\/ul>\n<ol>\n<li>Adresaci:<\/li>\n<\/ol>\n<p><strong>Konkurs adresowany jest to dzieci Gminnego Przedszkola w Kosowie Lackim, w wieku od 3 do 6 lat. <\/strong><\/p>\n<ul>\n<li>Zasady uczestnictwa:<\/li>\n<li>talenty uczestnik\u00f3w mog\u0105 by\u0107 prezentowane w formie:<\/li>\n<li>\u015bpiewu,<\/li>\n<li>recytacji,<\/li>\n<li>ta\u0144ca,<\/li>\n<li>gry na instrumencie,<\/li>\n<li>prezentacji pracy plastycznej (malarstwo, rysunek, rze\u017aba itp.)<\/li>\n<li>prezentacji umiej\u0119tno\u015bci sportowych i akrobatycznych,<\/li>\n<li>innych pokaz\u00f3w,<\/li>\n<li>w przypadku prezentacji, do kt\u00f3rych wykorzystany zostanie podk\u0142ad muzyczny lub prezentacja w formie multimedialnej, musz\u0105 by\u0107 dostarczone do organizator\u00f3w przynajmniej 7 dni przed terminem konkursu,<\/li>\n<li>osoby zainteresowane zg\u0142aszaj\u0105 swoj\u0105 kandydatur\u0119 poprzez wype\u0142nienie formularza zg\u0142oszeniowego i przekazuj\u0105c wychowawcy,<\/li>\n<li>ka\u017cdy uczestnik otrzyma dyplom, talenty najbardziej wyr\u00f3\u017cniaj\u0105ce si\u0119 spo\u015br\u00f3d wszystkich otrzymaj\u0105 dodatkow\u0105 nagrod\u0119,<\/li>\n<li>bior\u0105c udzia\u0142 w konkursie uczestnik potwierdza, \u017ce wyra\u017ca zgod\u0119 na wszystkie zasady zawarte w Regulaminie,<\/li>\n<li>Regulamin konkursu jest dost\u0119pny do wgl\u0105du w przedszkolu oraz na stronie <em>kosowlacki.pl.<\/em><\/li>\n<\/ul>\n<p><a href=\"http:\/\/przedszkole.kosowlacki.pl\/wordpress\/konkurs-pokaz-malych-talentow\/karta-zgloszenia-do-konkursu\/\" rel=\"attachment wp-att-16068\">Karta zg\u0142oszenia do Konkursu<\/a><\/p>\n<p>&nbsp;<\/p>\n<p>&nbsp;<\/p>\n","protected":false},"excerpt":{"rendered":"<p>&nbsp; Regulamin konkursu \u201ePokaz ma\u0142ych talent\u00f3w\u201d Organizator konkursu: Gminne Przedszkole w Kosowie Lackim Koordynator konkursu : Aneta Ferenc, Patrycja Osipiak, Hanna Materska-Kucharek Data konkursu: 20 marzec 2024r. Data zg\u0142oszenia: 15 marzec 2024r. Cele konkursu: rozwijanie zainteresowa\u0144 i pasji przedszkolak\u00f3w, zaprezentowanie w \u015brodowisku przedszkolnym r\u00f3\u017cnorodnych talent\u00f3w, promocja tw\u00f3rczych form sp\u0119dzania wolnego czasu, popularyzacja dzia\u0142a\u0144 artystycznych dzieci.&hellip; <br \/> <a class=\"read-more\" href=\"http:\/\/przedszkole.kosowlacki.pl\/wordpress\/konkurs-pokaz-malych-talentow\/\">Read more<\/a><\/p>\n","protected":false},"author":9,"featured_media":0,"comment_status":"open","ping_status":"open","sticky":false,"template":"","format":"standard","meta":[],"categories":[11],"tags":[],"_links":{"self":[{"href":"http:\/\/przedszkole.kosowlacki.pl\/wordpress\/wp-json\/wp\/v2\/posts\/16066"}],"collection":[{"href":"http:\/\/przedszkole.kosowlacki.pl\/wordpress\/wp-json\/wp\/v2\/posts"}],"about":[{"href":"http:\/\/przedszkole.kosowlacki.pl\/wordpress\/wp-json\/wp\/v2\/types\/post"}],"author":[{"embeddable":true,"href":"http:\/\/przedszkole.kosowlacki.pl\/wordpress\/wp-json\/wp\/v2\/users\/9"}],"replies":[{"embeddable":true,"href":"http:\/\/przedszkole.kosowlacki.pl\/wordpress\/wp-json\/wp\/v2\/comments?post=16066"}],"version-history":[{"count":3,"href":"http:\/\/przedszkole.kosowlacki.pl\/wordpress\/wp-json\/wp\/v2\/posts\/16066\/revisions"}],"predecessor-version":[{"id":16071,"href":"http:\/\/przedszkole.kosowlacki.pl\/wordpress\/wp-json\/wp\/v2\/posts\/16066\/revisions\/16071"}],"wp:attachment":[{"href":"http:\/\/przedszkole.kosowlacki.pl\/wordpress\/wp-json\/wp\/v2\/media?parent=16066"}],"wp:term":[{"taxonomy":"category","embeddable":true,"href":"http:\/\/przedszkole.kosowlacki.pl\/wordpress\/wp-json\/wp\/v2\/categories?post=16066"},{"taxonomy":"post_tag","embeddable":true,"href":"http:\/\/przedszkole.kosowlacki.pl\/wordpress\/wp-json\/wp\/v2\/tags?post=16066"}],"curies":[{"name":"wp","href":"https:\/\/api.w.org\/{rel}","templated":true}]}}