{"id":15770,"date":"2024-02-09T10:02:44","date_gmt":"2024-02-09T09:02:44","guid":{"rendered":"http:\/\/przedszkole.kosowlacki.pl\/wordpress\/?p=15770"},"modified":"2024-02-09T10:03:59","modified_gmt":"2024-02-09T09:03:59","slug":"dzien-babci-i-dziadka-4","status":"publish","type":"post","link":"http:\/\/przedszkole.kosowlacki.pl\/wordpress\/dzien-babci-i-dziadka-4\/","title":{"rendered":"Dzie\u0144 babci i dziadka"},"content":{"rendered":"<p>&nbsp;<\/p>\n<p style=\"text-align: center;\"><em>Dziadek z Babci\u0105 maj\u0105 \u015bwi\u0119to <\/em><\/p>\n<p style=\"text-align: center;\"><em>Wi\u0119c im wszyscy za\u015bpiewamy.<\/em><\/p>\n<p style=\"text-align: center;\"><em>Niech nam \u017cyj\u0105, niech nam \u017cyj\u0105,<\/em><\/p>\n<p style=\"text-align: center;\"><em>Nasi go\u015bcie ukochani.<\/em><\/p>\n<p style=\"text-align: center;\"><em>\u00a0<\/em><\/p>\n<p style=\"text-align: center;\">W tym tygodniu przedszkolaki z grup 3, 4 i 5-latk\u00f3w go\u015bci\u0142y swoje Babcie oraz Dziadk\u00f3w na uroczysto\u015bciach z okazji ich \u015bwi\u0119ta. Licznie przybyli: Babcie i Dziadkowie, mieli okazj\u0119 podziwia\u0107 swoje wnucz\u0119ta w specjalnie przygotowanych programach artystycznych. Dzieci\u00a0 zaprezentowa\u0142y pi\u0119kne wiersze, piosenki oraz ta\u0144ce. Nast\u0119pnie wr\u0119czy\u0142y swoim dziadkom drobne upominki. W wyj\u0105tkowej atmosferze przedszkolaki razem z ukochanymi go\u015b\u0107mi sp\u0119dzi\u0142y wsp\u00f3lnie czas\u00a0 podczas s\u0142odkiego pocz\u0119stunku przygotowanego przez rodzic\u00f3w. To by\u0142y naprawd\u0119 wyj\u0105tkowe chwile, pe\u0142ne u\u015bmiechu i rado\u015bci. Szcz\u0119\u015bliwe i pe\u0142ne wzruszenia\u00a0 twarze bab\u0107 i dziadk\u00f3w\u00a0da\u0142y wyraz tego, jak wa\u017cne s\u0105 takie spotkania i czas sp\u0119dzony wsp\u00f3lnie z wnukami.<\/p>\n<p>&nbsp;<\/p>\n<p style=\"text-align: right;\"><em>P. Osipiak<\/em><\/p>\n<p>&nbsp;<\/p>\n","protected":false},"excerpt":{"rendered":"<p>&nbsp; Dziadek z Babci\u0105 maj\u0105 \u015bwi\u0119to Wi\u0119c im wszyscy za\u015bpiewamy. Niech nam \u017cyj\u0105, niech nam \u017cyj\u0105, Nasi go\u015bcie ukochani. \u00a0 W tym tygodniu przedszkolaki z grup 3, 4 i 5-latk\u00f3w go\u015bci\u0142y swoje Babcie oraz Dziadk\u00f3w na uroczysto\u015bciach z okazji ich \u015bwi\u0119ta. Licznie przybyli: Babcie i Dziadkowie, mieli okazj\u0119 podziwia\u0107 swoje wnucz\u0119ta w specjalnie przygotowanych programach&hellip; <br \/> <a class=\"read-more\" href=\"http:\/\/przedszkole.kosowlacki.pl\/wordpress\/dzien-babci-i-dziadka-4\/\">Read more<\/a><\/p>\n","protected":false},"author":9,"featured_media":0,"comment_status":"open","ping_status":"open","sticky":false,"template":"","format":"standard","meta":[],"categories":[10],"tags":[],"_links":{"self":[{"href":"http:\/\/przedszkole.kosowlacki.pl\/wordpress\/wp-json\/wp\/v2\/posts\/15770"}],"collection":[{"href":"http:\/\/przedszkole.kosowlacki.pl\/wordpress\/wp-json\/wp\/v2\/posts"}],"about":[{"href":"http:\/\/przedszkole.kosowlacki.pl\/wordpress\/wp-json\/wp\/v2\/types\/post"}],"author":[{"embeddable":true,"href":"http:\/\/przedszkole.kosowlacki.pl\/wordpress\/wp-json\/wp\/v2\/users\/9"}],"replies":[{"embeddable":true,"href":"http:\/\/przedszkole.kosowlacki.pl\/wordpress\/wp-json\/wp\/v2\/comments?post=15770"}],"version-history":[{"count":2,"href":"http:\/\/przedszkole.kosowlacki.pl\/wordpress\/wp-json\/wp\/v2\/posts\/15770\/revisions"}],"predecessor-version":[{"id":15772,"href":"http:\/\/przedszkole.kosowlacki.pl\/wordpress\/wp-json\/wp\/v2\/posts\/15770\/revisions\/15772"}],"wp:attachment":[{"href":"http:\/\/przedszkole.kosowlacki.pl\/wordpress\/wp-json\/wp\/v2\/media?parent=15770"}],"wp:term":[{"taxonomy":"category","embeddable":true,"href":"http:\/\/przedszkole.kosowlacki.pl\/wordpress\/wp-json\/wp\/v2\/categories?post=15770"},{"taxonomy":"post_tag","embeddable":true,"href":"http:\/\/przedszkole.kosowlacki.pl\/wordpress\/wp-json\/wp\/v2\/tags?post=15770"}],"curies":[{"name":"wp","href":"https:\/\/api.w.org\/{rel}","templated":true}]}}