{"id":15742,"date":"2024-02-01T09:34:01","date_gmt":"2024-02-01T08:34:01","guid":{"rendered":"http:\/\/przedszkole.kosowlacki.pl\/wordpress\/?p=15742"},"modified":"2024-02-01T09:34:01","modified_gmt":"2024-02-01T08:34:01","slug":"zbiorka-ile-wazy-sw-mikolaj","status":"publish","type":"post","link":"http:\/\/przedszkole.kosowlacki.pl\/wordpress\/zbiorka-ile-wazy-sw-mikolaj\/","title":{"rendered":"Zbi\u00f3rka &#8222;Ile wa\u017cy \u015bw. Miko\u0142aj?"},"content":{"rendered":"<p>Zbi\u00f3rka &#8222;Ile wa\u017cy \u015bw. Miko\u0142aj?&#8221;<\/p>\n<p>26 stycznia zako\u0144czyli\u015bmy zbi\u00f3rk\u0119 charytatywn\u0105 &#8222;Ile wa\u017cy \u015bw. Miko\u0142aj?. Zbi\u00f3rka polega\u0142a na zebraniu monet i przeliczeniu ich na wag\u0119. Celem konkursu jest wsparcie funduszu, z kt\u00f3rego wyp\u0142acane s\u0105 stypendia oraz wsparcie dla dzieci i m\u0142odzie\u017cy, wychowank\u00f3w Fundacji Szcz\u0119\u015bliwe Dzieci\u0144stwo. Uda\u0142o nam si\u0119 zebra\u0107 189,50 z\u0142, w przeliczeniu na wag\u0119 nasz Miko\u0142aj wa\u017cy\u0142 4 kg 602g.<\/p>\n<p>Bardzo dzi\u0119kujemy za zaanga\u017cowanie si\u0119 w zbi\u00f3rk\u0119!<\/p>\n<p>&nbsp;<\/p>\n<p>&nbsp;<\/p>\n<p>&nbsp;<\/p>\n<p style=\"text-align: right;\">A. Ferenc<\/p>\n","protected":false},"excerpt":{"rendered":"<p>Zbi\u00f3rka &#8222;Ile wa\u017cy \u015bw. Miko\u0142aj?&#8221; 26 stycznia zako\u0144czyli\u015bmy zbi\u00f3rk\u0119 charytatywn\u0105 &#8222;Ile wa\u017cy \u015bw. Miko\u0142aj?. Zbi\u00f3rka polega\u0142a na zebraniu monet i przeliczeniu ich na wag\u0119. Celem konkursu jest wsparcie funduszu, z kt\u00f3rego wyp\u0142acane s\u0105 stypendia oraz wsparcie dla dzieci i m\u0142odzie\u017cy, wychowank\u00f3w Fundacji Szcz\u0119\u015bliwe Dzieci\u0144stwo. Uda\u0142o nam si\u0119 zebra\u0107 189,50 z\u0142, w przeliczeniu na wag\u0119 nasz&hellip; <br \/> <a class=\"read-more\" href=\"http:\/\/przedszkole.kosowlacki.pl\/wordpress\/zbiorka-ile-wazy-sw-mikolaj\/\">Read more<\/a><\/p>\n","protected":false},"author":8,"featured_media":0,"comment_status":"open","ping_status":"open","sticky":false,"template":"","format":"standard","meta":[],"categories":[10],"tags":[],"_links":{"self":[{"href":"http:\/\/przedszkole.kosowlacki.pl\/wordpress\/wp-json\/wp\/v2\/posts\/15742"}],"collection":[{"href":"http:\/\/przedszkole.kosowlacki.pl\/wordpress\/wp-json\/wp\/v2\/posts"}],"about":[{"href":"http:\/\/przedszkole.kosowlacki.pl\/wordpress\/wp-json\/wp\/v2\/types\/post"}],"author":[{"embeddable":true,"href":"http:\/\/przedszkole.kosowlacki.pl\/wordpress\/wp-json\/wp\/v2\/users\/8"}],"replies":[{"embeddable":true,"href":"http:\/\/przedszkole.kosowlacki.pl\/wordpress\/wp-json\/wp\/v2\/comments?post=15742"}],"version-history":[{"count":1,"href":"http:\/\/przedszkole.kosowlacki.pl\/wordpress\/wp-json\/wp\/v2\/posts\/15742\/revisions"}],"predecessor-version":[{"id":15743,"href":"http:\/\/przedszkole.kosowlacki.pl\/wordpress\/wp-json\/wp\/v2\/posts\/15742\/revisions\/15743"}],"wp:attachment":[{"href":"http:\/\/przedszkole.kosowlacki.pl\/wordpress\/wp-json\/wp\/v2\/media?parent=15742"}],"wp:term":[{"taxonomy":"category","embeddable":true,"href":"http:\/\/przedszkole.kosowlacki.pl\/wordpress\/wp-json\/wp\/v2\/categories?post=15742"},{"taxonomy":"post_tag","embeddable":true,"href":"http:\/\/przedszkole.kosowlacki.pl\/wordpress\/wp-json\/wp\/v2\/tags?post=15742"}],"curies":[{"name":"wp","href":"https:\/\/api.w.org\/{rel}","templated":true}]}}