{"id":15740,"date":"2024-01-25T09:28:49","date_gmt":"2024-01-25T08:28:49","guid":{"rendered":"http:\/\/przedszkole.kosowlacki.pl\/wordpress\/?p=15740"},"modified":"2024-01-25T09:28:49","modified_gmt":"2024-01-25T08:28:49","slug":"zbiorka-swiateczna-dla-schroniska-dla-psow-w-sokolowie-podlaskim","status":"publish","type":"post","link":"http:\/\/przedszkole.kosowlacki.pl\/wordpress\/zbiorka-swiateczna-dla-schroniska-dla-psow-w-sokolowie-podlaskim\/","title":{"rendered":"Zbi\u00f3rka \u015bwi\u0105teczna dla Schroniska dla ps\u00f3w w Soko\u0142owie Podlaskim"},"content":{"rendered":"<p>W tym roku w okresie \u015bwi\u0105tecznym zorganizowali\u015bmy zbi\u00f3rk\u0119 karmy dla ps\u00f3w, kt\u00f3ra mia\u0142a na celu wsparcie Schroniska dla Ps\u00f3w w Soko\u0142owie Podlaskim. 20 stycznia pude\u0142ka z karmami zosta\u0142y przekazane do schroniska. W schronisku jest obecnie 30 bezdomnych ps\u00f3w, kt\u00f3re nadal szukaj\u0105 kochaj\u0105cej rodziny i przytulnego domu. Dzi\u0119kujemy dzieciom i rodzicom za zaanga\u017cowanie si\u0119 w zbi\u00f3rk\u0119!<\/p>\n<p>&nbsp;<\/p>\n<p>&nbsp;<\/p>\n<p>&nbsp;<\/p>\n<p>&nbsp;<\/p>\n<p style=\"text-align: right;\">A. Ferenc<\/p>\n","protected":false},"excerpt":{"rendered":"<p>W tym roku w okresie \u015bwi\u0105tecznym zorganizowali\u015bmy zbi\u00f3rk\u0119 karmy dla ps\u00f3w, kt\u00f3ra mia\u0142a na celu wsparcie Schroniska dla Ps\u00f3w w Soko\u0142owie Podlaskim. 20 stycznia pude\u0142ka z karmami zosta\u0142y przekazane do schroniska. W schronisku jest obecnie 30 bezdomnych ps\u00f3w, kt\u00f3re nadal szukaj\u0105 kochaj\u0105cej rodziny i przytulnego domu. Dzi\u0119kujemy dzieciom i rodzicom za zaanga\u017cowanie si\u0119 w zbi\u00f3rk\u0119!&hellip; <br \/> <a class=\"read-more\" href=\"http:\/\/przedszkole.kosowlacki.pl\/wordpress\/zbiorka-swiateczna-dla-schroniska-dla-psow-w-sokolowie-podlaskim\/\">Read more<\/a><\/p>\n","protected":false},"author":8,"featured_media":0,"comment_status":"open","ping_status":"open","sticky":false,"template":"","format":"standard","meta":[],"categories":[10],"tags":[],"_links":{"self":[{"href":"http:\/\/przedszkole.kosowlacki.pl\/wordpress\/wp-json\/wp\/v2\/posts\/15740"}],"collection":[{"href":"http:\/\/przedszkole.kosowlacki.pl\/wordpress\/wp-json\/wp\/v2\/posts"}],"about":[{"href":"http:\/\/przedszkole.kosowlacki.pl\/wordpress\/wp-json\/wp\/v2\/types\/post"}],"author":[{"embeddable":true,"href":"http:\/\/przedszkole.kosowlacki.pl\/wordpress\/wp-json\/wp\/v2\/users\/8"}],"replies":[{"embeddable":true,"href":"http:\/\/przedszkole.kosowlacki.pl\/wordpress\/wp-json\/wp\/v2\/comments?post=15740"}],"version-history":[{"count":1,"href":"http:\/\/przedszkole.kosowlacki.pl\/wordpress\/wp-json\/wp\/v2\/posts\/15740\/revisions"}],"predecessor-version":[{"id":15741,"href":"http:\/\/przedszkole.kosowlacki.pl\/wordpress\/wp-json\/wp\/v2\/posts\/15740\/revisions\/15741"}],"wp:attachment":[{"href":"http:\/\/przedszkole.kosowlacki.pl\/wordpress\/wp-json\/wp\/v2\/media?parent=15740"}],"wp:term":[{"taxonomy":"category","embeddable":true,"href":"http:\/\/przedszkole.kosowlacki.pl\/wordpress\/wp-json\/wp\/v2\/categories?post=15740"},{"taxonomy":"post_tag","embeddable":true,"href":"http:\/\/przedszkole.kosowlacki.pl\/wordpress\/wp-json\/wp\/v2\/tags?post=15740"}],"curies":[{"name":"wp","href":"https:\/\/api.w.org\/{rel}","templated":true}]}}