{"id":15665,"date":"2023-12-27T12:21:27","date_gmt":"2023-12-27T11:21:27","guid":{"rendered":"http:\/\/przedszkole.kosowlacki.pl\/wordpress\/?p=15665"},"modified":"2023-12-27T12:22:46","modified_gmt":"2023-12-27T11:22:46","slug":"zebranie-z-rodzicami-5","status":"publish","type":"post","link":"http:\/\/przedszkole.kosowlacki.pl\/wordpress\/zebranie-z-rodzicami-5\/","title":{"rendered":"Zebranie z rodzicami"},"content":{"rendered":"<h3 align=\"center\"><strong><span style=\"color: #ff0000;\">4 stycznia<\/span> (czwartek) 2024r. o godzinie 16.15<\/strong><\/h3>\n<h3 align=\"center\"><strong>na sali gimnastycznej<\/strong><\/h3>\n<h3 align=\"center\"><strong>odb\u0119dzie si\u0119 zebranie z rodzicami<\/strong><\/h3>\n<h3 style=\"text-align: left;\" align=\"center\">Porz\u0105dek zebrania:<\/h3>\n<h3 style=\"text-align: left;\" align=\"center\">1. Kr\u00f3tka prelekcja pani psycholog<\/h3>\n<h3 style=\"text-align: left;\" align=\"center\">2. podsumowanie pracy w poszczeg\u00f3lnych grupach<\/h3>\n<h3 style=\"text-align: left;\" align=\"center\">3. Ustalenie sposobu organizacji dnia Babci i Dziadka<\/h3>\n<h3 style=\"text-align: left;\" align=\"center\">4. Sprawy r\u00f3\u017cne<\/h3>\n","protected":false},"excerpt":{"rendered":"<p>4 stycznia (czwartek) 2024r. o godzinie 16.15 na sali gimnastycznej odb\u0119dzie si\u0119 zebranie z rodzicami Porz\u0105dek zebrania: 1. Kr\u00f3tka prelekcja pani psycholog 2. podsumowanie pracy w poszczeg\u00f3lnych grupach 3. Ustalenie sposobu organizacji dnia Babci i Dziadka 4. Sprawy r\u00f3\u017cne<\/p>\n","protected":false},"author":2,"featured_media":0,"comment_status":"open","ping_status":"open","sticky":false,"template":"","format":"standard","meta":[],"categories":[11],"tags":[],"_links":{"self":[{"href":"http:\/\/przedszkole.kosowlacki.pl\/wordpress\/wp-json\/wp\/v2\/posts\/15665"}],"collection":[{"href":"http:\/\/przedszkole.kosowlacki.pl\/wordpress\/wp-json\/wp\/v2\/posts"}],"about":[{"href":"http:\/\/przedszkole.kosowlacki.pl\/wordpress\/wp-json\/wp\/v2\/types\/post"}],"author":[{"embeddable":true,"href":"http:\/\/przedszkole.kosowlacki.pl\/wordpress\/wp-json\/wp\/v2\/users\/2"}],"replies":[{"embeddable":true,"href":"http:\/\/przedszkole.kosowlacki.pl\/wordpress\/wp-json\/wp\/v2\/comments?post=15665"}],"version-history":[{"count":3,"href":"http:\/\/przedszkole.kosowlacki.pl\/wordpress\/wp-json\/wp\/v2\/posts\/15665\/revisions"}],"predecessor-version":[{"id":15668,"href":"http:\/\/przedszkole.kosowlacki.pl\/wordpress\/wp-json\/wp\/v2\/posts\/15665\/revisions\/15668"}],"wp:attachment":[{"href":"http:\/\/przedszkole.kosowlacki.pl\/wordpress\/wp-json\/wp\/v2\/media?parent=15665"}],"wp:term":[{"taxonomy":"category","embeddable":true,"href":"http:\/\/przedszkole.kosowlacki.pl\/wordpress\/wp-json\/wp\/v2\/categories?post=15665"},{"taxonomy":"post_tag","embeddable":true,"href":"http:\/\/przedszkole.kosowlacki.pl\/wordpress\/wp-json\/wp\/v2\/tags?post=15665"}],"curies":[{"name":"wp","href":"https:\/\/api.w.org\/{rel}","templated":true}]}}