{"id":15621,"date":"2023-12-22T13:13:53","date_gmt":"2023-12-22T12:13:53","guid":{"rendered":"http:\/\/przedszkole.kosowlacki.pl\/wordpress\/?p=15621"},"modified":"2023-12-22T13:24:04","modified_gmt":"2023-12-22T12:24:04","slug":"zyczenia-bozonarodzeniowe","status":"publish","type":"post","link":"http:\/\/przedszkole.kosowlacki.pl\/wordpress\/zyczenia-bozonarodzeniowe\/","title":{"rendered":"\u017bYCZENIA \u015aWI\u0104TECZNE"},"content":{"rendered":"<h3 style=\"text-align: center;\"><span style=\"color: #333399;\">W te magiczne \u015awi\u0119ta Bo\u017cego Narodzenia,<\/span><\/h3>\n<h3 style=\"text-align: center;\"><span style=\"color: #333399;\">niech Wam towarzyszy ciep\u0142o rodzinnego ogniska,<\/span><\/h3>\n<h3 style=\"text-align: center;\"><span style=\"color: #333399;\">a serca b\u0119d\u0105 pe\u0142ne mi\u0142o\u015bci i \u017cyczliwo\u015bci.<\/span><\/h3>\n<h3 style=\"text-align: center;\"><span style=\"color: #333399;\">Niech Nowy Rok przyniesie Wam wiele inspiracji<\/span><\/h3>\n<h3 style=\"text-align: center;\"><span style=\"color: #333399;\">i sukces\u00f3w w ka\u017cdej dziedzinie \u017cycia.<\/span><\/h3>\n<h3 style=\"text-align: center;\"><span style=\"color: #333399;\">\u017byczymy Wam r\u00f3wnie\u017c zdrowia,<\/span><\/h3>\n<h3 style=\"text-align: center;\"><span style=\"color: #333399;\">aby\u015bcie mogli cieszy\u0107 si\u0119 ka\u017cd\u0105 chwil\u0105.<\/span><\/h3>\n<h3 style=\"text-align: center;\"><span style=\"color: #333399;\">Niech te \u015bwi\u0119ta b\u0119d\u0105 pe\u0142ne rado\u015bci,<\/span><\/h3>\n<h3 style=\"text-align: center;\"><span style=\"color: #333399;\">\u015bmiechu i wsp\u00f3lnych chwil z najbli\u017cszymi.<\/span><\/h3>\n<h3 style=\"text-align: center;\"><span style=\"color: #333399;\">\u017cycz\u0105<\/span><\/h3>\n<h3 style=\"text-align: center;\"><span style=\"color: #0000ff;\"><strong><em>Dyrekcja oraz pracownicy przedszkola<\/em><\/strong><\/span><\/h3>\n<p style=\"text-align: center;\"><span style=\"color: #333399;\">\u00a0<\/span><img loading=\"lazy\" class=\"alignnone size-full wp-image-15623\" src=\"http:\/\/przedszkole.kosowlacki.pl\/wordpress\/wp-content\/uploads\/2023\/12\/swieta-dunajecki-dworek.jpg\" alt=\"\" width=\"1130\" height=\"365\" srcset=\"http:\/\/przedszkole.kosowlacki.pl\/wordpress\/wp-content\/uploads\/2023\/12\/swieta-dunajecki-dworek.jpg 1130w, http:\/\/przedszkole.kosowlacki.pl\/wordpress\/wp-content\/uploads\/2023\/12\/swieta-dunajecki-dworek-300x97.jpg 300w, http:\/\/przedszkole.kosowlacki.pl\/wordpress\/wp-content\/uploads\/2023\/12\/swieta-dunajecki-dworek-1024x331.jpg 1024w, http:\/\/przedszkole.kosowlacki.pl\/wordpress\/wp-content\/uploads\/2023\/12\/swieta-dunajecki-dworek-768x248.jpg 768w\" sizes=\"(max-width: 1130px) 100vw, 1130px\" \/><\/p>\n","protected":false},"excerpt":{"rendered":"<p>W te magiczne \u015awi\u0119ta Bo\u017cego Narodzenia, niech Wam towarzyszy ciep\u0142o rodzinnego ogniska, a serca b\u0119d\u0105 pe\u0142ne mi\u0142o\u015bci i \u017cyczliwo\u015bci. Niech Nowy Rok przyniesie Wam wiele inspiracji i sukces\u00f3w w ka\u017cdej dziedzinie \u017cycia. \u017byczymy Wam r\u00f3wnie\u017c zdrowia, aby\u015bcie mogli cieszy\u0107 si\u0119 ka\u017cd\u0105 chwil\u0105. Niech te \u015bwi\u0119ta b\u0119d\u0105 pe\u0142ne rado\u015bci, \u015bmiechu i wsp\u00f3lnych chwil z najbli\u017cszymi. \u017cycz\u0105&hellip; <br \/> <a class=\"read-more\" href=\"http:\/\/przedszkole.kosowlacki.pl\/wordpress\/zyczenia-bozonarodzeniowe\/\">Read more<\/a><\/p>\n","protected":false},"author":2,"featured_media":0,"comment_status":"open","ping_status":"open","sticky":false,"template":"","format":"standard","meta":[],"categories":[11],"tags":[],"_links":{"self":[{"href":"http:\/\/przedszkole.kosowlacki.pl\/wordpress\/wp-json\/wp\/v2\/posts\/15621"}],"collection":[{"href":"http:\/\/przedszkole.kosowlacki.pl\/wordpress\/wp-json\/wp\/v2\/posts"}],"about":[{"href":"http:\/\/przedszkole.kosowlacki.pl\/wordpress\/wp-json\/wp\/v2\/types\/post"}],"author":[{"embeddable":true,"href":"http:\/\/przedszkole.kosowlacki.pl\/wordpress\/wp-json\/wp\/v2\/users\/2"}],"replies":[{"embeddable":true,"href":"http:\/\/przedszkole.kosowlacki.pl\/wordpress\/wp-json\/wp\/v2\/comments?post=15621"}],"version-history":[{"count":7,"href":"http:\/\/przedszkole.kosowlacki.pl\/wordpress\/wp-json\/wp\/v2\/posts\/15621\/revisions"}],"predecessor-version":[{"id":15630,"href":"http:\/\/przedszkole.kosowlacki.pl\/wordpress\/wp-json\/wp\/v2\/posts\/15621\/revisions\/15630"}],"wp:attachment":[{"href":"http:\/\/przedszkole.kosowlacki.pl\/wordpress\/wp-json\/wp\/v2\/media?parent=15621"}],"wp:term":[{"taxonomy":"category","embeddable":true,"href":"http:\/\/przedszkole.kosowlacki.pl\/wordpress\/wp-json\/wp\/v2\/categories?post=15621"},{"taxonomy":"post_tag","embeddable":true,"href":"http:\/\/przedszkole.kosowlacki.pl\/wordpress\/wp-json\/wp\/v2\/tags?post=15621"}],"curies":[{"name":"wp","href":"https:\/\/api.w.org\/{rel}","templated":true}]}}