{"id":15283,"date":"2023-12-21T15:18:24","date_gmt":"2023-12-21T14:18:24","guid":{"rendered":"http:\/\/przedszkole.kosowlacki.pl\/wordpress\/?p=15283"},"modified":"2023-12-21T15:18:24","modified_gmt":"2023-12-21T14:18:24","slug":"jaselka-3","status":"publish","type":"post","link":"http:\/\/przedszkole.kosowlacki.pl\/wordpress\/jaselka-3\/","title":{"rendered":"Jase\u0142ka"},"content":{"rendered":"<p style=\"text-align: center;\">Dnia 21 grudnia 2023 r. dzieci 6-letnie przedstawi\u0142y Jase\u0142ka dla swoich m\u0142odszych kole\u017canek i koleg\u00f3w z przedszkola i klubiku oraz rodzic\u00f3w.<\/p>\n<p style=\"text-align: center;\">G\u0142\u00f3wnym celem tej uroczysto\u015bci by\u0142o wprowadzenie uczestnik\u00f3w w radosn\u0105 atmosfer\u0119 \u015awi\u0105t Bo\u017cego Narodzenia, kszta\u0142cenie umiej\u0119tno\u015bci wyra\u017cania uczu\u0107 i prze\u017cy\u0107 podczas inscenizacji Jase\u0142ek, wzmacnianie wi\u0119zi emocjonalnej z rodzin\u0105, rozwijanie indywidualnych predyspozycji i uzdolnie\u0144 aktorskich dzieci oraz nabywanie odwagi, \u015bmia\u0142o\u015bci podczas wyst\u0119p\u00f3w przed publiczno\u015bci\u0105.<\/p>\n<p style=\"text-align: center;\">Przedstawienie by\u0142o wyj\u0105tkowe. Mali aktorzy, w pi\u0119knych strojach przedstawili histori\u0119 narodzin Dzieci\u0105tka Jezus oprawion\u0105 kol\u0119dami i pastora\u0142kami oraz uk\u0142adami taneczno-ruchowymi. Dzieci przebrane w kostiumy postaci z Jase\u0142ek recytowa\u0142y teksty i interpretowa\u0142y w spos\u00f3b aktorski swoje role.<\/p>\n<p style=\"text-align: center;\">Przepi\u0119kna scenografia nada\u0142a temu radosnemu spotkaniu uroczysty i wyj\u0105tkowy klimat. Dzieci\u0119ca interpretacja narodzin Jezusa Chrystusa, kol\u0119dy, dekoracje oraz wzajemne \u017cyczenia, kt\u00f3re zako\u0144czy\u0142y spotkanie, pozwoli\u0142y wszystkim poczu\u0107 atmosfer\u0119 zbli\u017caj\u0105cych si\u0119 \u015bwi\u0105t, pe\u0142n\u0105 ciep\u0142a, rado\u015bci i blisko\u015bci.<\/p>\n<p style=\"text-align: center;\">Serdecznie dzi\u0119kujemy Rodzicom za przygotowanie pi\u0119knych stroj\u00f3w na ,,Jase\u0142ka\u201d.<\/p>\n<p style=\"text-align: right;\">Ewa Ciesielska<\/p>\n","protected":false},"excerpt":{"rendered":"<p>Dnia 21 grudnia 2023 r. dzieci 6-letnie przedstawi\u0142y Jase\u0142ka dla swoich m\u0142odszych kole\u017canek i koleg\u00f3w z przedszkola i klubiku oraz rodzic\u00f3w. G\u0142\u00f3wnym celem tej uroczysto\u015bci by\u0142o wprowadzenie uczestnik\u00f3w w radosn\u0105 atmosfer\u0119 \u015awi\u0105t Bo\u017cego Narodzenia, kszta\u0142cenie umiej\u0119tno\u015bci wyra\u017cania uczu\u0107 i prze\u017cy\u0107 podczas inscenizacji Jase\u0142ek, wzmacnianie wi\u0119zi emocjonalnej z rodzin\u0105, rozwijanie indywidualnych predyspozycji i uzdolnie\u0144 aktorskich dzieci&hellip; <br \/> <a class=\"read-more\" href=\"http:\/\/przedszkole.kosowlacki.pl\/wordpress\/jaselka-3\/\">Read more<\/a><\/p>\n","protected":false},"author":8,"featured_media":0,"comment_status":"open","ping_status":"open","sticky":false,"template":"","format":"standard","meta":[],"categories":[10],"tags":[],"_links":{"self":[{"href":"http:\/\/przedszkole.kosowlacki.pl\/wordpress\/wp-json\/wp\/v2\/posts\/15283"}],"collection":[{"href":"http:\/\/przedszkole.kosowlacki.pl\/wordpress\/wp-json\/wp\/v2\/posts"}],"about":[{"href":"http:\/\/przedszkole.kosowlacki.pl\/wordpress\/wp-json\/wp\/v2\/types\/post"}],"author":[{"embeddable":true,"href":"http:\/\/przedszkole.kosowlacki.pl\/wordpress\/wp-json\/wp\/v2\/users\/8"}],"replies":[{"embeddable":true,"href":"http:\/\/przedszkole.kosowlacki.pl\/wordpress\/wp-json\/wp\/v2\/comments?post=15283"}],"version-history":[{"count":1,"href":"http:\/\/przedszkole.kosowlacki.pl\/wordpress\/wp-json\/wp\/v2\/posts\/15283\/revisions"}],"predecessor-version":[{"id":15284,"href":"http:\/\/przedszkole.kosowlacki.pl\/wordpress\/wp-json\/wp\/v2\/posts\/15283\/revisions\/15284"}],"wp:attachment":[{"href":"http:\/\/przedszkole.kosowlacki.pl\/wordpress\/wp-json\/wp\/v2\/media?parent=15283"}],"wp:term":[{"taxonomy":"category","embeddable":true,"href":"http:\/\/przedszkole.kosowlacki.pl\/wordpress\/wp-json\/wp\/v2\/categories?post=15283"},{"taxonomy":"post_tag","embeddable":true,"href":"http:\/\/przedszkole.kosowlacki.pl\/wordpress\/wp-json\/wp\/v2\/tags?post=15283"}],"curies":[{"name":"wp","href":"https:\/\/api.w.org\/{rel}","templated":true}]}}