{"id":15220,"date":"2023-12-15T08:17:03","date_gmt":"2023-12-15T07:17:03","guid":{"rendered":"http:\/\/przedszkole.kosowlacki.pl\/wordpress\/?p=15220"},"modified":"2023-12-15T08:17:03","modified_gmt":"2023-12-15T07:17:03","slug":"jaselka-w-przedszkolu-2","status":"publish","type":"post","link":"http:\/\/przedszkole.kosowlacki.pl\/wordpress\/jaselka-w-przedszkolu-2\/","title":{"rendered":"Jase\u0142ka w przedszkolu"},"content":{"rendered":"<h2>Serdecznie zapraszamy Rodzic\u00f3w dzieci <span style=\"color: #ff0000;\">6 letnich<\/span> ( <em>Motylki i<\/em> <em>S\u0142oneczka<\/em>) na Jase\u0142ka, kt\u00f3re odb\u0119d\u0105 si\u0119 <span style=\"color: #ff0000;\">21 grudnia<\/span> (czwartek) o godzinie <span style=\"color: #ff0000;\">10.00<\/span> w sali gimnastycznej.<\/h2>\n<p><img loading=\"lazy\" class=\" wp-image-15221 aligncenter\" src=\"http:\/\/przedszkole.kosowlacki.pl\/wordpress\/wp-content\/uploads\/2023\/12\/szopka.jpg\" alt=\"\" width=\"413\" height=\"426\" srcset=\"http:\/\/przedszkole.kosowlacki.pl\/wordpress\/wp-content\/uploads\/2023\/12\/szopka.jpg 465w, http:\/\/przedszkole.kosowlacki.pl\/wordpress\/wp-content\/uploads\/2023\/12\/szopka-291x300.jpg 291w\" sizes=\"(max-width: 413px) 100vw, 413px\" \/><\/p>\n","protected":false},"excerpt":{"rendered":"<p>Serdecznie zapraszamy Rodzic\u00f3w dzieci 6 letnich ( Motylki i S\u0142oneczka) na Jase\u0142ka, kt\u00f3re odb\u0119d\u0105 si\u0119 21 grudnia (czwartek) o godzinie 10.00 w sali gimnastycznej.<\/p>\n","protected":false},"author":2,"featured_media":0,"comment_status":"open","ping_status":"open","sticky":false,"template":"","format":"standard","meta":[],"categories":[11],"tags":[],"_links":{"self":[{"href":"http:\/\/przedszkole.kosowlacki.pl\/wordpress\/wp-json\/wp\/v2\/posts\/15220"}],"collection":[{"href":"http:\/\/przedszkole.kosowlacki.pl\/wordpress\/wp-json\/wp\/v2\/posts"}],"about":[{"href":"http:\/\/przedszkole.kosowlacki.pl\/wordpress\/wp-json\/wp\/v2\/types\/post"}],"author":[{"embeddable":true,"href":"http:\/\/przedszkole.kosowlacki.pl\/wordpress\/wp-json\/wp\/v2\/users\/2"}],"replies":[{"embeddable":true,"href":"http:\/\/przedszkole.kosowlacki.pl\/wordpress\/wp-json\/wp\/v2\/comments?post=15220"}],"version-history":[{"count":1,"href":"http:\/\/przedszkole.kosowlacki.pl\/wordpress\/wp-json\/wp\/v2\/posts\/15220\/revisions"}],"predecessor-version":[{"id":15222,"href":"http:\/\/przedszkole.kosowlacki.pl\/wordpress\/wp-json\/wp\/v2\/posts\/15220\/revisions\/15222"}],"wp:attachment":[{"href":"http:\/\/przedszkole.kosowlacki.pl\/wordpress\/wp-json\/wp\/v2\/media?parent=15220"}],"wp:term":[{"taxonomy":"category","embeddable":true,"href":"http:\/\/przedszkole.kosowlacki.pl\/wordpress\/wp-json\/wp\/v2\/categories?post=15220"},{"taxonomy":"post_tag","embeddable":true,"href":"http:\/\/przedszkole.kosowlacki.pl\/wordpress\/wp-json\/wp\/v2\/tags?post=15220"}],"curies":[{"name":"wp","href":"https:\/\/api.w.org\/{rel}","templated":true}]}}