{"id":15152,"date":"2023-12-13T15:20:23","date_gmt":"2023-12-13T14:20:23","guid":{"rendered":"http:\/\/przedszkole.kosowlacki.pl\/wordpress\/?p=15152"},"modified":"2023-12-13T15:20:43","modified_gmt":"2023-12-13T14:20:43","slug":"dzien-ksiegarza-2","status":"publish","type":"post","link":"http:\/\/przedszkole.kosowlacki.pl\/wordpress\/dzien-ksiegarza-2\/","title":{"rendered":"DZIE\u0143 KSI\u0118GARZA"},"content":{"rendered":"<p>&nbsp;<\/p>\n<p style=\"text-align: center;\">Dzisiaj w naszym przedszkolu obchodzili\u015bmy Dzie\u0144 Ksi\u0119garza. Podczas zaj\u0119\u0107 dzieci zapozna\u0142y si\u0119 z prac\u0105 ksi\u0119garza oraz z r\u00f3\u017cnymi rodzajami ksi\u0105\u017cek, jakie mo\u017cna znale\u017a\u0107 i kupi\u0107 w ksi\u0119garni. Dowiedzia\u0142y si\u0119 jak powstaje ksi\u0105\u017cka i opowiedzia\u0142y o swoich ulubionych. Przedszkolaki tworzy\u0142y zak\u0142adki do ksi\u0105\u017cek, ogl\u0105da\u0142y ilustracje w wybranych przez siebie ksi\u0105\u017ceczkach oraz s\u0142ucha\u0142y ciekawych opowie\u015bci. Dzie\u0144 Ksi\u0119garza mia\u0142 na celu u\u015bwiadomi\u0107 dzieciom jak warto\u015bciowe s\u0105 ksi\u0105\u017cki i zach\u0119ci\u0107 ich do czytania.<\/p>\n<p>&nbsp;<\/p>\n<p style=\"text-align: right;\"><em>P. Osipiak<\/em><\/p>\n","protected":false},"excerpt":{"rendered":"<p>&nbsp; Dzisiaj w naszym przedszkolu obchodzili\u015bmy Dzie\u0144 Ksi\u0119garza. Podczas zaj\u0119\u0107 dzieci zapozna\u0142y si\u0119 z prac\u0105 ksi\u0119garza oraz z r\u00f3\u017cnymi rodzajami ksi\u0105\u017cek, jakie mo\u017cna znale\u017a\u0107 i kupi\u0107 w ksi\u0119garni. Dowiedzia\u0142y si\u0119 jak powstaje ksi\u0105\u017cka i opowiedzia\u0142y o swoich ulubionych. Przedszkolaki tworzy\u0142y zak\u0142adki do ksi\u0105\u017cek, ogl\u0105da\u0142y ilustracje w wybranych przez siebie ksi\u0105\u017ceczkach oraz s\u0142ucha\u0142y ciekawych opowie\u015bci. Dzie\u0144&hellip; <br \/> <a class=\"read-more\" href=\"http:\/\/przedszkole.kosowlacki.pl\/wordpress\/dzien-ksiegarza-2\/\">Read more<\/a><\/p>\n","protected":false},"author":9,"featured_media":0,"comment_status":"open","ping_status":"open","sticky":false,"template":"","format":"standard","meta":[],"categories":[10],"tags":[],"_links":{"self":[{"href":"http:\/\/przedszkole.kosowlacki.pl\/wordpress\/wp-json\/wp\/v2\/posts\/15152"}],"collection":[{"href":"http:\/\/przedszkole.kosowlacki.pl\/wordpress\/wp-json\/wp\/v2\/posts"}],"about":[{"href":"http:\/\/przedszkole.kosowlacki.pl\/wordpress\/wp-json\/wp\/v2\/types\/post"}],"author":[{"embeddable":true,"href":"http:\/\/przedszkole.kosowlacki.pl\/wordpress\/wp-json\/wp\/v2\/users\/9"}],"replies":[{"embeddable":true,"href":"http:\/\/przedszkole.kosowlacki.pl\/wordpress\/wp-json\/wp\/v2\/comments?post=15152"}],"version-history":[{"count":1,"href":"http:\/\/przedszkole.kosowlacki.pl\/wordpress\/wp-json\/wp\/v2\/posts\/15152\/revisions"}],"predecessor-version":[{"id":15153,"href":"http:\/\/przedszkole.kosowlacki.pl\/wordpress\/wp-json\/wp\/v2\/posts\/15152\/revisions\/15153"}],"wp:attachment":[{"href":"http:\/\/przedszkole.kosowlacki.pl\/wordpress\/wp-json\/wp\/v2\/media?parent=15152"}],"wp:term":[{"taxonomy":"category","embeddable":true,"href":"http:\/\/przedszkole.kosowlacki.pl\/wordpress\/wp-json\/wp\/v2\/categories?post=15152"},{"taxonomy":"post_tag","embeddable":true,"href":"http:\/\/przedszkole.kosowlacki.pl\/wordpress\/wp-json\/wp\/v2\/tags?post=15152"}],"curies":[{"name":"wp","href":"https:\/\/api.w.org\/{rel}","templated":true}]}}