{"id":15146,"date":"2023-12-11T14:00:56","date_gmt":"2023-12-11T13:00:56","guid":{"rendered":"http:\/\/przedszkole.kosowlacki.pl\/wordpress\/?p=15146"},"modified":"2023-12-11T14:08:59","modified_gmt":"2023-12-11T13:08:59","slug":"zaproszenie-na-zajecia-otwarte-2","status":"publish","type":"post","link":"http:\/\/przedszkole.kosowlacki.pl\/wordpress\/zaproszenie-na-zajecia-otwarte-2\/","title":{"rendered":"Zaproszenie na zaj\u0119cia otwarte"},"content":{"rendered":"<h3 style=\"text-align: left;\">Dzieci z grup <span style=\"color: #ffcc00;\"><strong>\u201ePszcz\u00f3\u0142ki\u201d<\/strong><\/span> i <strong><span style=\"color: #00ff00;\">\u201e\u017babki\u201d<\/span><\/strong> wraz z wychowawczyniami zapraszaj\u0105 rodzic\u00f3w na zaj\u0119cia otwarte, kt\u00f3re odb\u0119d\u0105 si\u0119 <span style=\"color: #ff0000;\"><strong>20 grudnia<\/strong><\/span> (\u015broda) o godzinie <strong><span style=\"color: #ff0000;\">10.00<\/span> <\/strong>w salach zabaw.<\/h3>\n","protected":false},"excerpt":{"rendered":"<p>Dzieci z grup \u201ePszcz\u00f3\u0142ki\u201d i \u201e\u017babki\u201d wraz z wychowawczyniami zapraszaj\u0105 rodzic\u00f3w na zaj\u0119cia otwarte, kt\u00f3re odb\u0119d\u0105 si\u0119 20 grudnia (\u015broda) o godzinie 10.00 w salach zabaw.<\/p>\n","protected":false},"author":2,"featured_media":0,"comment_status":"open","ping_status":"open","sticky":false,"template":"","format":"standard","meta":[],"categories":[11],"tags":[],"_links":{"self":[{"href":"http:\/\/przedszkole.kosowlacki.pl\/wordpress\/wp-json\/wp\/v2\/posts\/15146"}],"collection":[{"href":"http:\/\/przedszkole.kosowlacki.pl\/wordpress\/wp-json\/wp\/v2\/posts"}],"about":[{"href":"http:\/\/przedszkole.kosowlacki.pl\/wordpress\/wp-json\/wp\/v2\/types\/post"}],"author":[{"embeddable":true,"href":"http:\/\/przedszkole.kosowlacki.pl\/wordpress\/wp-json\/wp\/v2\/users\/2"}],"replies":[{"embeddable":true,"href":"http:\/\/przedszkole.kosowlacki.pl\/wordpress\/wp-json\/wp\/v2\/comments?post=15146"}],"version-history":[{"count":5,"href":"http:\/\/przedszkole.kosowlacki.pl\/wordpress\/wp-json\/wp\/v2\/posts\/15146\/revisions"}],"predecessor-version":[{"id":15151,"href":"http:\/\/przedszkole.kosowlacki.pl\/wordpress\/wp-json\/wp\/v2\/posts\/15146\/revisions\/15151"}],"wp:attachment":[{"href":"http:\/\/przedszkole.kosowlacki.pl\/wordpress\/wp-json\/wp\/v2\/media?parent=15146"}],"wp:term":[{"taxonomy":"category","embeddable":true,"href":"http:\/\/przedszkole.kosowlacki.pl\/wordpress\/wp-json\/wp\/v2\/categories?post=15146"},{"taxonomy":"post_tag","embeddable":true,"href":"http:\/\/przedszkole.kosowlacki.pl\/wordpress\/wp-json\/wp\/v2\/tags?post=15146"}],"curies":[{"name":"wp","href":"https:\/\/api.w.org\/{rel}","templated":true}]}}