{"id":15139,"date":"2023-12-08T09:26:49","date_gmt":"2023-12-08T08:26:49","guid":{"rendered":"http:\/\/przedszkole.kosowlacki.pl\/wordpress\/?p=15139"},"modified":"2023-12-08T09:26:49","modified_gmt":"2023-12-08T08:26:49","slug":"ogloszenie-w-sprawie-organizacji-planowanych-uroczystosci-przedszkolnych","status":"publish","type":"post","link":"http:\/\/przedszkole.kosowlacki.pl\/wordpress\/ogloszenie-w-sprawie-organizacji-planowanych-uroczystosci-przedszkolnych\/","title":{"rendered":"Og\u0142oszenie w sprawie organizacji planowanych uroczysto\u015bci przedszkolnych"},"content":{"rendered":"<h3><span style=\"color: #0000ff;\"><strong>Og\u0142oszenie w sprawie organizacji planowanych uroczysto\u015bci przedszkolnych<\/strong> <\/span><\/h3>\n<h3><span style=\"color: #ff0000;\">6 grudnia<\/span> (\u015broda) nasze przedszkole odwiedzi \u015awi\u0119ty Miko\u0142aj.<\/h3>\n<h3>Dzieci dostan\u0105 drobne upominki zakupione z pieni\u0105\u017ck\u00f3w Rady Rodzic\u00f3w. Koszt zakupienia prezent\u00f3w dla dzieci to: 3.300 z\u0142<\/h3>\n<h3>&#8212;&#8212;&#8212;&#8212;&#8212;&#8212;&#8212;&#8212;&#8212;&#8212;&#8212;&#8212;&#8212;&#8212;&#8212;&#8212;&#8212;&#8212;&#8212;&#8212;&#8212;&#8212;&#8212;&#8212;&#8212;&#8212;&#8212;&#8212;&#8212;&#8212;&#8212;&#8212;&#8212;&#8212;&#8212;&#8212;&#8212;&#8212;&#8212;&#8212;&#8212;&#8212;&#8212;<\/h3>\n<h3>W dniach <span style=\"color: #ff0000;\">18 i 19 grudnia <\/span>w naszym przedszkolu zostan\u0105 zorganizowane warsztaty dla dzieci we wszystkich grupach przedszkolnych. B\u0119d\u0105 to warsztaty sensoryczno &#8211; chemiczne, podczas kt\u00f3rych ka\u017cdy uczestnik wykona super rozci\u0105gliwego slajma, b\u0119d\u0105 chemiczne balony i tw\u00f3rcze zabawy. Koszt warsztat\u00f3w to 25 z\u0142 od dziecka. Cz\u0119\u015b\u0107 wp\u0142acimy z pieni\u0105\u017ck\u00f3w zebranych na Rad\u0119 Rodzic\u00f3w ( 15 z\u0142 ) a Was drodzy Rodzice prosimy o dokonanie wp\u0142aty po 10 z\u0142 do wychowawc\u00f3w.<\/h3>\n<h3>Je\u017celi dziecko b\u0119dzie w tym dniu nieobecne w przedszkolu, tak\u017ce otrzyma slajma. Rodzicom zwr\u00f3cimy wp\u0142at\u0119 w wysoko\u015bci 10 z\u0142.<\/h3>\n<h3>&#8212;&#8212;&#8212;&#8212;&#8212;&#8212;&#8212;&#8212;&#8212;&#8212;&#8212;&#8212;&#8212;&#8212;&#8212;&#8212;&#8212;&#8212;&#8212;&#8212;&#8212;&#8212;&#8212;&#8212;&#8212;&#8212;&#8212;&#8212;&#8212;&#8212;&#8212;&#8212;&#8212;&#8212;&#8212;&#8212;&#8212;&#8212;&#8212;&#8212;&#8212;&#8212;&#8212;<\/h3>\n<h3><span style=\"color: #ff0000;\">20 grudnia<\/span> wszystkie dzieci przynosz\u0105 do przedszkola po 6 pierniczk\u00f3w zapakowanych w pude\u0142eczko. Akcesoria do dekoracji do uzgodnienia w poszczeg\u00f3lnych grupach przez rodzic\u00f3w.<\/h3>\n<h3>W tym dniu czyli 20 grudnia tylko w grupach 3 latk\u00f3w \u201ePszcz\u00f3\u0142ki\u201d i \u201e\u017babki\u201d b\u0119d\u0105 zorganizowane zaj\u0119cia otwarte dla rodzic\u00f3w o godzinie 10.00, na kt\u00f3rych dzieci wraz z rodzicami udekoruj\u0105 pierniczki.<\/h3>\n<h3>&#8212;&#8212;&#8212;&#8212;&#8212;&#8212;&#8212;&#8212;&#8212;&#8212;&#8212;&#8212;&#8212;&#8212;&#8212;&#8212;&#8212;&#8212;&#8212;&#8212;&#8212;&#8212;&#8212;&#8212;&#8212;&#8212;&#8212;&#8212;&#8212;&#8212;&#8212;&#8212;&#8212;&#8212;&#8212;&#8212;&#8212;&#8212;&#8212;&#8212;&#8212;&#8212;&#8212;<\/h3>\n<h3><span style=\"color: #ff0000;\">21 grudnia<\/span> (czwartek) w naszym przedszkolu odb\u0119d\u0105 si\u0119 \u201eJase\u0142ka\u201d w wykonaniu dzieci 6 letnich \u201eS\u0142oneczek\u201d i \u201eMotylk\u00f3w\u201d. Na to przedstawienie w wykonaniu dzieci serdecznie zapraszamy rodzic\u00f3w dzieci wyst\u0119puj\u0105cych na godzin\u0119 10.00 do sali gimnastycznej.<\/h3>\n<h3>&#8212;&#8212;&#8212;&#8212;&#8212;&#8212;&#8212;&#8212;&#8212;&#8212;&#8212;&#8212;&#8212;&#8212;&#8212;&#8212;&#8212;&#8212;&#8212;&#8212;&#8212;&#8212;&#8212;&#8212;&#8212;&#8212;&#8212;&#8212;&#8212;&#8212;&#8212;&#8212;&#8212;&#8212;&#8212;&#8212;&#8212;&#8212;&#8212;&#8212;&#8212;&#8212;&#8212;-<\/h3>\n<h3><span style=\"color: #3366ff;\">Organizacja Dnia Babci i Dziadka<\/span><\/h3>\n<h3>11 stycznia (czwartek) Grupy \u201eS\u0142oneczka\u201d i \u201eMotylki\u201d godz. 10.00<\/h3>\n<h3>6 lutego (wtorek) grupy \u201eBiedronki\u201d i \u201eMuchomorki\u201d godz. 10.00<\/h3>\n<h3>7 lutego (\u015broda) grupy \u201eTygryski\u201d i \u201eMisie\u201d godz. 10.00<\/h3>\n<h3>8 lutego (czwartek) grupy \u201ePszcz\u00f3\u0142ki\u201d i \u201e\u017babki\u201d godz. 10.00<\/h3>\n<h3>Pocz\u0119stunek dla zaproszonych go\u015bci bab\u0107 i dziadk\u00f3w do ustalenia przez rodzic\u00f3w w grupach<\/h3>\n<h3>Szczeg\u00f3\u0142owe informacje dotycz\u0105ce organizacji przekazane b\u0119d\u0105 p\u00f3\u017aniej.<\/h3>\n<h3>&#8212;&#8212;&#8212;&#8212;&#8212;&#8212;&#8212;&#8212;&#8212;&#8212;&#8212;&#8212;&#8212;&#8212;&#8212;&#8212;&#8212;&#8212;&#8212;&#8212;&#8212;&#8212;&#8212;&#8212;&#8212;&#8212;&#8212;&#8212;&#8212;&#8212;&#8212;&#8212;&#8212;&#8212;&#8212;&#8212;&#8212;&#8212;&#8212;&#8212;&#8212;&#8212;&#8212;-<\/h3>\n<h3>Bal w przedszkolu planowany jest <span style=\"color: #ff0000;\">13 lutego<\/span> w czasie pobytu dzieci w przedszkolu. Kwestia przebrania dzieci na bal le\u017cy po stronie rodzic\u00f3w.<\/h3>\n<h3>&#8212;&#8212;&#8212;&#8212;&#8212;&#8212;&#8212;&#8212;&#8212;&#8212;&#8212;&#8212;&#8212;&#8212;&#8212;&#8212;&#8212;&#8212;&#8212;&#8212;&#8212;&#8212;&#8212;&#8212;&#8212;&#8212;&#8212;&#8212;&#8212;&#8212;&#8212;&#8212;&#8212;&#8212;&#8212;&#8212;&#8212;&#8212;&#8212;&#8212;&#8212;&#8212;&#8212;-<\/h3>\n<h3>W pierwszym tygodniu stycznia planowane jest zebranie z rodzicami. Dotyczy\u0142o ono b\u0119dzie podsumowania pracy w grupach w pierwszym semestrze oraz organizacji Dnia Babci i Dziadka<\/h3>\n<h3><\/h3>\n<h3><\/h3>\n","protected":false},"excerpt":{"rendered":"<p>Og\u0142oszenie w sprawie organizacji planowanych uroczysto\u015bci przedszkolnych 6 grudnia (\u015broda) nasze przedszkole odwiedzi \u015awi\u0119ty Miko\u0142aj. Dzieci dostan\u0105 drobne upominki zakupione z pieni\u0105\u017ck\u00f3w Rady Rodzic\u00f3w. Koszt zakupienia prezent\u00f3w dla dzieci to: 3.300 z\u0142 &#8212;&#8212;&#8212;&#8212;&#8212;&#8212;&#8212;&#8212;&#8212;&#8212;&#8212;&#8212;&#8212;&#8212;&#8212;&#8212;&#8212;&#8212;&#8212;&#8212;&#8212;&#8212;&#8212;&#8212;&#8212;&#8212;&#8212;&#8212;&#8212;&#8212;&#8212;&#8212;&#8212;&#8212;&#8212;&#8212;&#8212;&#8212;&#8212;&#8212;&#8212;&#8212;&#8212; W dniach 18 i 19 grudnia w naszym przedszkolu zostan\u0105 zorganizowane warsztaty dla dzieci we wszystkich grupach przedszkolnych. B\u0119d\u0105 to warsztaty sensoryczno&hellip; <br \/> <a class=\"read-more\" href=\"http:\/\/przedszkole.kosowlacki.pl\/wordpress\/ogloszenie-w-sprawie-organizacji-planowanych-uroczystosci-przedszkolnych\/\">Read more<\/a><\/p>\n","protected":false},"author":2,"featured_media":0,"comment_status":"open","ping_status":"open","sticky":false,"template":"","format":"standard","meta":[],"categories":[11],"tags":[],"_links":{"self":[{"href":"http:\/\/przedszkole.kosowlacki.pl\/wordpress\/wp-json\/wp\/v2\/posts\/15139"}],"collection":[{"href":"http:\/\/przedszkole.kosowlacki.pl\/wordpress\/wp-json\/wp\/v2\/posts"}],"about":[{"href":"http:\/\/przedszkole.kosowlacki.pl\/wordpress\/wp-json\/wp\/v2\/types\/post"}],"author":[{"embeddable":true,"href":"http:\/\/przedszkole.kosowlacki.pl\/wordpress\/wp-json\/wp\/v2\/users\/2"}],"replies":[{"embeddable":true,"href":"http:\/\/przedszkole.kosowlacki.pl\/wordpress\/wp-json\/wp\/v2\/comments?post=15139"}],"version-history":[{"count":1,"href":"http:\/\/przedszkole.kosowlacki.pl\/wordpress\/wp-json\/wp\/v2\/posts\/15139\/revisions"}],"predecessor-version":[{"id":15140,"href":"http:\/\/przedszkole.kosowlacki.pl\/wordpress\/wp-json\/wp\/v2\/posts\/15139\/revisions\/15140"}],"wp:attachment":[{"href":"http:\/\/przedszkole.kosowlacki.pl\/wordpress\/wp-json\/wp\/v2\/media?parent=15139"}],"wp:term":[{"taxonomy":"category","embeddable":true,"href":"http:\/\/przedszkole.kosowlacki.pl\/wordpress\/wp-json\/wp\/v2\/categories?post=15139"},{"taxonomy":"post_tag","embeddable":true,"href":"http:\/\/przedszkole.kosowlacki.pl\/wordpress\/wp-json\/wp\/v2\/tags?post=15139"}],"curies":[{"name":"wp","href":"https:\/\/api.w.org\/{rel}","templated":true}]}}