{"id":14493,"date":"2023-11-22T11:43:52","date_gmt":"2023-11-22T10:43:52","guid":{"rendered":"http:\/\/przedszkole.kosowlacki.pl\/wordpress\/?p=14493"},"modified":"2023-11-22T11:45:27","modified_gmt":"2023-11-22T10:45:27","slug":"ogloszenie-22","status":"publish","type":"post","link":"http:\/\/przedszkole.kosowlacki.pl\/wordpress\/ogloszenie-22\/","title":{"rendered":"Og\u0142oszenie"},"content":{"rendered":"<h2 align=\"center\">Drodzy Rodzice!<\/h2>\n<h2 align=\"center\">W poniedzia\u0142ek <span style=\"color: #ff0000;\">27 listopada<\/span> obchodzimy w przedszkolu Dzie\u0144 Pluszowego Misia.<\/h2>\n<h2 align=\"center\">Prosimy, aby w tym dniu ka\u017cde dziecko przynios\u0142o ze sob\u0105 z domu ulubionego pluszowego misia.<\/h2>\n<h2><\/h2>\n<p><img loading=\"lazy\" class=\"wp-image-14494 aligncenter\" src=\"http:\/\/przedszkole.kosowlacki.pl\/wordpress\/wp-content\/uploads\/2023\/11\/misio.jpg\" alt=\"\" width=\"289\" height=\"372\" srcset=\"http:\/\/przedszkole.kosowlacki.pl\/wordpress\/wp-content\/uploads\/2023\/11\/misio.jpg 777w, http:\/\/przedszkole.kosowlacki.pl\/wordpress\/wp-content\/uploads\/2023\/11\/misio-233x300.jpg 233w, http:\/\/przedszkole.kosowlacki.pl\/wordpress\/wp-content\/uploads\/2023\/11\/misio-768x988.jpg 768w\" sizes=\"(max-width: 289px) 100vw, 289px\" \/><\/p>\n","protected":false},"excerpt":{"rendered":"<p>Drodzy Rodzice! W poniedzia\u0142ek 27 listopada obchodzimy w przedszkolu Dzie\u0144 Pluszowego Misia. Prosimy, aby w tym dniu ka\u017cde dziecko przynios\u0142o ze sob\u0105 z domu ulubionego pluszowego misia.<\/p>\n","protected":false},"author":2,"featured_media":0,"comment_status":"open","ping_status":"open","sticky":false,"template":"","format":"standard","meta":[],"categories":[11],"tags":[],"_links":{"self":[{"href":"http:\/\/przedszkole.kosowlacki.pl\/wordpress\/wp-json\/wp\/v2\/posts\/14493"}],"collection":[{"href":"http:\/\/przedszkole.kosowlacki.pl\/wordpress\/wp-json\/wp\/v2\/posts"}],"about":[{"href":"http:\/\/przedszkole.kosowlacki.pl\/wordpress\/wp-json\/wp\/v2\/types\/post"}],"author":[{"embeddable":true,"href":"http:\/\/przedszkole.kosowlacki.pl\/wordpress\/wp-json\/wp\/v2\/users\/2"}],"replies":[{"embeddable":true,"href":"http:\/\/przedszkole.kosowlacki.pl\/wordpress\/wp-json\/wp\/v2\/comments?post=14493"}],"version-history":[{"count":3,"href":"http:\/\/przedszkole.kosowlacki.pl\/wordpress\/wp-json\/wp\/v2\/posts\/14493\/revisions"}],"predecessor-version":[{"id":14497,"href":"http:\/\/przedszkole.kosowlacki.pl\/wordpress\/wp-json\/wp\/v2\/posts\/14493\/revisions\/14497"}],"wp:attachment":[{"href":"http:\/\/przedszkole.kosowlacki.pl\/wordpress\/wp-json\/wp\/v2\/media?parent=14493"}],"wp:term":[{"taxonomy":"category","embeddable":true,"href":"http:\/\/przedszkole.kosowlacki.pl\/wordpress\/wp-json\/wp\/v2\/categories?post=14493"},{"taxonomy":"post_tag","embeddable":true,"href":"http:\/\/przedszkole.kosowlacki.pl\/wordpress\/wp-json\/wp\/v2\/tags?post=14493"}],"curies":[{"name":"wp","href":"https:\/\/api.w.org\/{rel}","templated":true}]}}