{"id":14301,"date":"2023-11-22T10:25:00","date_gmt":"2023-11-22T09:25:00","guid":{"rendered":"http:\/\/przedszkole.kosowlacki.pl\/wordpress\/?p=14301"},"modified":"2023-11-22T13:23:56","modified_gmt":"2023-11-22T12:23:56","slug":"narodowy-program-rozwoju-czytelnictwa-2-0-na-lata-2021-2025","status":"publish","type":"post","link":"http:\/\/przedszkole.kosowlacki.pl\/wordpress\/narodowy-program-rozwoju-czytelnictwa-2-0-na-lata-2021-2025\/","title":{"rendered":"\u201eNarodowy Program Rozwoju Czytelnictwa 2.0 na lata 2021-2025\u201d"},"content":{"rendered":"<p>&nbsp;<\/p>\n<p>&nbsp;<\/p>\n<p><img loading=\"lazy\" class=\"alignnone  wp-image-14506 aligncenter\" src=\"http:\/\/przedszkole.kosowlacki.pl\/wordpress\/wp-content\/uploads\/2023\/11\/czyteliczy-300x127.png\" alt=\"\" width=\"312\" height=\"132\" srcset=\"http:\/\/przedszkole.kosowlacki.pl\/wordpress\/wp-content\/uploads\/2023\/11\/czyteliczy-300x127.png 300w, http:\/\/przedszkole.kosowlacki.pl\/wordpress\/wp-content\/uploads\/2023\/11\/czyteliczy.png 346w\" sizes=\"(max-width: 312px) 100vw, 312px\" \/><\/p>\n<p style=\"text-align: center;\">Kolejne ksi\u0105\u017cki zakupione w ramach\u00a0 <strong>\u201eNarodowego Programu Rozwoju Czyte<\/strong><\/p>\n<p style=\"text-align: center;\"><strong>lnictwa 2.0 na lata 2021-2025\u201d<\/strong> dofinansowanego ze \u015brodk\u00f3w bud\u017cetu pa\u0144stwa (3000 z\u0142.) oraz wk\u0142adu w\u0142asnego (750 z\u0142.) trafi\u0142y ju\u017c na nasze p\u00f3\u0142eczki.<\/p>\n<p style=\"text-align: center;\">Dzi\u0119ki programowi wzbogacamy nasz ksi\u0119gozbi\u00f3r o atrakcyjne nowo\u015bci wydawnicze dla dzieci w wieku 3-6 lat.<\/p>\n<p style=\"text-align: center;\">Zakupione ksi\u0105\u017cki b\u0119d\u0105 towarzyszy\u0142y nam w \u017cyciu codziennym: w czasie zaj\u0119\u0107 poszerzaj\u0105c nasz\u0105 wiedz\u0119 o \u015bwiecie, w czasie zabawy i odpoczynku prowadz\u0105c nas w \u015bwiat ba\u015bni i ciekawych historii.<\/p>\n<p style=\"text-align: center;\">Dzi\u0119ki programowi zosta\u0142y zakupione nowo\u015bci wydawnicze do przedszkolnej biblioteki, z kt\u00f3rych b\u0119dziemy korzysta\u0107 na co dzie\u0144.<\/p>\n<p style=\"text-align: center;\">W ramach projektu cz\u0119\u015b\u0107 puli zosta\u0142a przeznaczona na nagrody ksi\u0105\u017ckowe w konkursach organizowanych przez nasze przedszkole.<\/p>\n<p style=\"text-align: center;\">Wszystkie zam\u00f3wione ksi\u0105\u017cki dotar\u0142y ju\u017c do naszego przedszkola. Pi\u0119knymi ilustracjami i ciekaw\u0105 tre\u015bci\u0105 zach\u0119caj\u0105 do samodzielnego i wsp\u00f3lnego ogl\u0105dania i czytania.<\/p>\n<p style=\"text-align: right;\">E. Skorupka<\/p>\n<p>&nbsp;<\/p>\n","protected":false},"excerpt":{"rendered":"<p>&nbsp; &nbsp; Kolejne ksi\u0105\u017cki zakupione w ramach\u00a0 \u201eNarodowego Programu Rozwoju Czyte lnictwa 2.0 na lata 2021-2025\u201d dofinansowanego ze \u015brodk\u00f3w bud\u017cetu pa\u0144stwa (3000 z\u0142.) oraz wk\u0142adu w\u0142asnego (750 z\u0142.) trafi\u0142y ju\u017c na nasze p\u00f3\u0142eczki. Dzi\u0119ki programowi wzbogacamy nasz ksi\u0119gozbi\u00f3r o atrakcyjne nowo\u015bci wydawnicze dla dzieci w wieku 3-6 lat. Zakupione ksi\u0105\u017cki b\u0119d\u0105 towarzyszy\u0142y nam w \u017cyciu&hellip; <br \/> <a class=\"read-more\" href=\"http:\/\/przedszkole.kosowlacki.pl\/wordpress\/narodowy-program-rozwoju-czytelnictwa-2-0-na-lata-2021-2025\/\">Read more<\/a><\/p>\n","protected":false},"author":8,"featured_media":0,"comment_status":"open","ping_status":"open","sticky":false,"template":"","format":"standard","meta":[],"categories":[10],"tags":[],"_links":{"self":[{"href":"http:\/\/przedszkole.kosowlacki.pl\/wordpress\/wp-json\/wp\/v2\/posts\/14301"}],"collection":[{"href":"http:\/\/przedszkole.kosowlacki.pl\/wordpress\/wp-json\/wp\/v2\/posts"}],"about":[{"href":"http:\/\/przedszkole.kosowlacki.pl\/wordpress\/wp-json\/wp\/v2\/types\/post"}],"author":[{"embeddable":true,"href":"http:\/\/przedszkole.kosowlacki.pl\/wordpress\/wp-json\/wp\/v2\/users\/8"}],"replies":[{"embeddable":true,"href":"http:\/\/przedszkole.kosowlacki.pl\/wordpress\/wp-json\/wp\/v2\/comments?post=14301"}],"version-history":[{"count":5,"href":"http:\/\/przedszkole.kosowlacki.pl\/wordpress\/wp-json\/wp\/v2\/posts\/14301\/revisions"}],"predecessor-version":[{"id":14507,"href":"http:\/\/przedszkole.kosowlacki.pl\/wordpress\/wp-json\/wp\/v2\/posts\/14301\/revisions\/14507"}],"wp:attachment":[{"href":"http:\/\/przedszkole.kosowlacki.pl\/wordpress\/wp-json\/wp\/v2\/media?parent=14301"}],"wp:term":[{"taxonomy":"category","embeddable":true,"href":"http:\/\/przedszkole.kosowlacki.pl\/wordpress\/wp-json\/wp\/v2\/categories?post=14301"},{"taxonomy":"post_tag","embeddable":true,"href":"http:\/\/przedszkole.kosowlacki.pl\/wordpress\/wp-json\/wp\/v2\/tags?post=14301"}],"curies":[{"name":"wp","href":"https:\/\/api.w.org\/{rel}","templated":true}]}}