{"id":14293,"date":"2023-11-17T13:26:07","date_gmt":"2023-11-17T12:26:07","guid":{"rendered":"http:\/\/przedszkole.kosowlacki.pl\/wordpress\/?p=14293"},"modified":"2023-11-17T13:26:07","modified_gmt":"2023-11-17T12:26:07","slug":"dzien-praw-dziecka","status":"publish","type":"post","link":"http:\/\/przedszkole.kosowlacki.pl\/wordpress\/dzien-praw-dziecka\/","title":{"rendered":"DZIE\u0143 PRAW DZIECKA"},"content":{"rendered":"<p style=\"text-align: center;\">(\u2026) Nikt mnie si\u0142\u0105 nie ma prawa zmusza\u0107 do niczego,<\/p>\n<p style=\"text-align: center;\">\u00a0A szczeg\u00f3lnie do zrobienia czego\u015b niedobrego.<\/p>\n<p style=\"text-align: center;\">Mog\u0119 uczy\u0107 si\u0119 wszystkiego, co mnie zaciekawi<\/p>\n<p style=\"text-align: center;\">I mam prawo sam wybiera\u0107, z kim si\u0119 b\u0119d\u0119 bawi\u0107.<\/p>\n<p style=\"text-align: center;\">Nikt nie mo\u017ce mnie poni\u017ca\u0107, krzywdzi\u0107, bi\u0107, wyzywa\u0107,<\/p>\n<p style=\"text-align: center;\">I ka\u017cdego mog\u0119 zawsze na ratunek wzywa\u0107.<\/p>\n<p style=\"text-align: center;\">(&#8230;) Mog\u0119 \u017c\u0105da\u0107, \u017ceby ka\u017cdy uzna\u0142 moje prawa,<\/p>\n<p style=\"text-align: center;\">\u00a0A gdy r\u00f3\u017cni\u0119 si\u0119 od innych, to jest moja sprawa (\u2026)<\/p>\n<p style=\"text-align: right;\">\u00a0 \u00a0 \u00a0 \u00a0 \u00a0 \u00a0 \u00a0 \u00a0 \u00a0 \u00a0 \u00a0 \u00a0 \u00a0 \u00a0 \u00a0 \u00a0 \u00a0 \u00a0 \u00a0 \u00a0 \u00a0 \u00a0 \u00a0 \u00a0 \u00a0 \u00a0 \u00a0 \u00a0 \u00a0 \u00a0 \u00a0 \u00a0 \u00a0 \u00a0 \u00a0 \u00a0 \u00a0 \u00a0 \u00a0 \u00a0<em>\u201ePrawa dziecka\u201d Janusz Korczak<\/em><\/p>\n<p>&nbsp;<\/p>\n<p style=\"text-align: center;\">Mi\u0119dzynarodowy Dzie\u0144 Praw Dziecka to \u015bwi\u0119to, o kt\u00f3rym warto pami\u0119ta\u0107 To okazja , aby przypomnie\u0107 sobie, \u017ce ka\u017cdemu dziecku, niezale\u017cnie od jego pochodzenia, miejsca zamieszkania, koloru sk\u00f3ry czy wyznania, przynale\u017c\u0105 takie sama prawa. Dzisiaj w naszym przedszkolu z okazji \u00a0tego dnia, we wszystkich grupach odby\u0142y si\u0119 zaj\u0119cia maj\u0105ce na celu kszta\u0142towanie \u015bwiadomo\u015bci praw dziecka, uczenie poszanowania praw innych oraz radzenie sobie w sytuacjach, gdy kto\u015b je narusza. Dzieci uczestniczy\u0142y w wielu zabawach oraz tworzy\u0142y pi\u0119kne prace przedstawiaj\u0105ce ich prawa.<\/p>\n<p>&nbsp;<\/p>\n<p style=\"text-align: center;\">\u00a0 \u00a0 \u00a0 \u00a0 \u00a0 \u00a0 \u00a0 \u00a0 \u00a0 \u00a0 \u00a0 \u00a0 \u00a0 \u00a0 \u00a0 \u00a0 \u00a0 \u00a0 \u00a0 \u00a0 \u00a0 \u00a0 \u00a0 \u00a0 \u00a0 \u00a0 \u00a0 \u00a0 \u00a0 \u00a0 \u00a0 \u00a0 \u00a0 \u00a0 \u00a0 \u00a0 \u00a0 \u00a0 \u00a0 \u00a0 \u00a0 \u00a0 \u00a0 \u00a0 \u00a0 \u00a0 \u00a0 \u00a0 \u00a0 \u00a0 \u00a0 \u00a0 \u00a0 \u00a0 \u00a0 \u00a0 \u00a0 \u00a0 \u00a0 \u00a0 \u00a0 \u00a0 \u00a0 \u00a0 \u00a0 \u00a0 \u00a0 \u00a0 \u00a0 \u00a0 \u00a0 \u00a0 \u00a0 \u00a0 \u00a0 \u00a0 \u00a0 \u00a0 \u00a0 \u00a0 \u00a0 \u00a0 \u00a0 \u00a0 \u00a0 \u00a0 \u00a0 \u00a0 \u00a0 \u00a0 \u00a0 \u00a0 \u00a0 \u00a0<em> Patrycja Osipiak<\/em><\/p>\n","protected":false},"excerpt":{"rendered":"<p>(\u2026) Nikt mnie si\u0142\u0105 nie ma prawa zmusza\u0107 do niczego, \u00a0A szczeg\u00f3lnie do zrobienia czego\u015b niedobrego. Mog\u0119 uczy\u0107 si\u0119 wszystkiego, co mnie zaciekawi I mam prawo sam wybiera\u0107, z kim si\u0119 b\u0119d\u0119 bawi\u0107. Nikt nie mo\u017ce mnie poni\u017ca\u0107, krzywdzi\u0107, bi\u0107, wyzywa\u0107, I ka\u017cdego mog\u0119 zawsze na ratunek wzywa\u0107. (&#8230;) Mog\u0119 \u017c\u0105da\u0107, \u017ceby ka\u017cdy uzna\u0142 moje&hellip; <br \/> <a class=\"read-more\" href=\"http:\/\/przedszkole.kosowlacki.pl\/wordpress\/dzien-praw-dziecka\/\">Read more<\/a><\/p>\n","protected":false},"author":9,"featured_media":0,"comment_status":"open","ping_status":"open","sticky":false,"template":"","format":"standard","meta":[],"categories":[10],"tags":[],"_links":{"self":[{"href":"http:\/\/przedszkole.kosowlacki.pl\/wordpress\/wp-json\/wp\/v2\/posts\/14293"}],"collection":[{"href":"http:\/\/przedszkole.kosowlacki.pl\/wordpress\/wp-json\/wp\/v2\/posts"}],"about":[{"href":"http:\/\/przedszkole.kosowlacki.pl\/wordpress\/wp-json\/wp\/v2\/types\/post"}],"author":[{"embeddable":true,"href":"http:\/\/przedszkole.kosowlacki.pl\/wordpress\/wp-json\/wp\/v2\/users\/9"}],"replies":[{"embeddable":true,"href":"http:\/\/przedszkole.kosowlacki.pl\/wordpress\/wp-json\/wp\/v2\/comments?post=14293"}],"version-history":[{"count":6,"href":"http:\/\/przedszkole.kosowlacki.pl\/wordpress\/wp-json\/wp\/v2\/posts\/14293\/revisions"}],"predecessor-version":[{"id":14299,"href":"http:\/\/przedszkole.kosowlacki.pl\/wordpress\/wp-json\/wp\/v2\/posts\/14293\/revisions\/14299"}],"wp:attachment":[{"href":"http:\/\/przedszkole.kosowlacki.pl\/wordpress\/wp-json\/wp\/v2\/media?parent=14293"}],"wp:term":[{"taxonomy":"category","embeddable":true,"href":"http:\/\/przedszkole.kosowlacki.pl\/wordpress\/wp-json\/wp\/v2\/categories?post=14293"},{"taxonomy":"post_tag","embeddable":true,"href":"http:\/\/przedszkole.kosowlacki.pl\/wordpress\/wp-json\/wp\/v2\/tags?post=14293"}],"curies":[{"name":"wp","href":"https:\/\/api.w.org\/{rel}","templated":true}]}}