{"id":14264,"date":"2023-11-14T15:38:11","date_gmt":"2023-11-14T14:38:11","guid":{"rendered":"http:\/\/przedszkole.kosowlacki.pl\/wordpress\/?p=14264"},"modified":"2023-11-14T15:38:11","modified_gmt":"2023-11-14T14:38:11","slug":"swiatowy-dzien-dobroci","status":"publish","type":"post","link":"http:\/\/przedszkole.kosowlacki.pl\/wordpress\/swiatowy-dzien-dobroci\/","title":{"rendered":"\u015awiatowy Dzie\u0144 Dobroci"},"content":{"rendered":"<p>\u015aWIATOWY DZIE\u0143 DOBROCI<\/p>\n<p>13 listopada w naszym przedszkolu obchodzili\u015bmy \u015awiatowy Dzie\u0144 Dobroci. Na zaj\u0119ciach zapoznawali\u015bmy si\u0119 ze znaczeniem s\u0142owa \u201edobro\u0107\u201d. Definiowali\u015bmy i robili\u015bmy map\u0119 my\u015blow\u0105 ze s\u0142owem \u201edobro\u201d. Przedszkolaki s\u0142ucha\u0142y opowiada\u0144 i odgrywa\u0142y scenki teatralne zwi\u0105zane z dobroci\u0105. M\u00f3wili\u015bmy o wzajemnej \u017cyczliwo\u015bci, przyja\u017ani, mi\u0142o\u015bci i przyjacielstwie.\u00a0 Teraz wszyscy wiemy, \u017ce empatia, \u017cyczliwo\u015b\u0107 i dobre uczynki powinny by\u0107 z nami na co dzie\u0144.<\/p>\n<p>&nbsp;<\/p>\n<p>&nbsp;<\/p>\n<p>&nbsp;<\/p>\n<p>&nbsp;<\/p>\n<p>&nbsp;<\/p>\n<p style=\"text-align: right;\">A. Ferenc<\/p>\n<p>&nbsp;<\/p>\n","protected":false},"excerpt":{"rendered":"<p>\u015aWIATOWY DZIE\u0143 DOBROCI 13 listopada w naszym przedszkolu obchodzili\u015bmy \u015awiatowy Dzie\u0144 Dobroci. Na zaj\u0119ciach zapoznawali\u015bmy si\u0119 ze znaczeniem s\u0142owa \u201edobro\u0107\u201d. Definiowali\u015bmy i robili\u015bmy map\u0119 my\u015blow\u0105 ze s\u0142owem \u201edobro\u201d. Przedszkolaki s\u0142ucha\u0142y opowiada\u0144 i odgrywa\u0142y scenki teatralne zwi\u0105zane z dobroci\u0105. M\u00f3wili\u015bmy o wzajemnej \u017cyczliwo\u015bci, przyja\u017ani, mi\u0142o\u015bci i przyjacielstwie.\u00a0 Teraz wszyscy wiemy, \u017ce empatia, \u017cyczliwo\u015b\u0107 i dobre uczynki&hellip; <br \/> <a class=\"read-more\" href=\"http:\/\/przedszkole.kosowlacki.pl\/wordpress\/swiatowy-dzien-dobroci\/\">Read more<\/a><\/p>\n","protected":false},"author":8,"featured_media":0,"comment_status":"open","ping_status":"open","sticky":false,"template":"","format":"standard","meta":[],"categories":[10],"tags":[],"_links":{"self":[{"href":"http:\/\/przedszkole.kosowlacki.pl\/wordpress\/wp-json\/wp\/v2\/posts\/14264"}],"collection":[{"href":"http:\/\/przedszkole.kosowlacki.pl\/wordpress\/wp-json\/wp\/v2\/posts"}],"about":[{"href":"http:\/\/przedszkole.kosowlacki.pl\/wordpress\/wp-json\/wp\/v2\/types\/post"}],"author":[{"embeddable":true,"href":"http:\/\/przedszkole.kosowlacki.pl\/wordpress\/wp-json\/wp\/v2\/users\/8"}],"replies":[{"embeddable":true,"href":"http:\/\/przedszkole.kosowlacki.pl\/wordpress\/wp-json\/wp\/v2\/comments?post=14264"}],"version-history":[{"count":1,"href":"http:\/\/przedszkole.kosowlacki.pl\/wordpress\/wp-json\/wp\/v2\/posts\/14264\/revisions"}],"predecessor-version":[{"id":14265,"href":"http:\/\/przedszkole.kosowlacki.pl\/wordpress\/wp-json\/wp\/v2\/posts\/14264\/revisions\/14265"}],"wp:attachment":[{"href":"http:\/\/przedszkole.kosowlacki.pl\/wordpress\/wp-json\/wp\/v2\/media?parent=14264"}],"wp:term":[{"taxonomy":"category","embeddable":true,"href":"http:\/\/przedszkole.kosowlacki.pl\/wordpress\/wp-json\/wp\/v2\/categories?post=14264"},{"taxonomy":"post_tag","embeddable":true,"href":"http:\/\/przedszkole.kosowlacki.pl\/wordpress\/wp-json\/wp\/v2\/tags?post=14264"}],"curies":[{"name":"wp","href":"https:\/\/api.w.org\/{rel}","templated":true}]}}