{"id":14122,"date":"2023-11-13T08:34:18","date_gmt":"2023-11-13T07:34:18","guid":{"rendered":"http:\/\/przedszkole.kosowlacki.pl\/wordpress\/?p=14122"},"modified":"2023-11-13T08:34:18","modified_gmt":"2023-11-13T07:34:18","slug":"konkurs-recytatorski-pieknie-recytuje","status":"publish","type":"post","link":"http:\/\/przedszkole.kosowlacki.pl\/wordpress\/konkurs-recytatorski-pieknie-recytuje\/","title":{"rendered":"Konkurs recytatorski &#8222;Pi\u0119knie recytuj\u0119&#8221;"},"content":{"rendered":"<p><img loading=\"lazy\" class=\"alignnone size-medium wp-image-14120\" src=\"http:\/\/przedszkole.kosowlacki.pl\/wordpress\/wp-content\/uploads\/2023\/11\/Konkurs-recytatorski-Pieknie-recytuje-1-212x300.png\" alt=\"\" width=\"212\" height=\"300\" srcset=\"http:\/\/przedszkole.kosowlacki.pl\/wordpress\/wp-content\/uploads\/2023\/11\/Konkurs-recytatorski-Pieknie-recytuje-1-212x300.png 212w, http:\/\/przedszkole.kosowlacki.pl\/wordpress\/wp-content\/uploads\/2023\/11\/Konkurs-recytatorski-Pieknie-recytuje-1-724x1024.png 724w, http:\/\/przedszkole.kosowlacki.pl\/wordpress\/wp-content\/uploads\/2023\/11\/Konkurs-recytatorski-Pieknie-recytuje-1-768x1086.png 768w, http:\/\/przedszkole.kosowlacki.pl\/wordpress\/wp-content\/uploads\/2023\/11\/Konkurs-recytatorski-Pieknie-recytuje-1-1086x1536.png 1086w, http:\/\/przedszkole.kosowlacki.pl\/wordpress\/wp-content\/uploads\/2023\/11\/Konkurs-recytatorski-Pieknie-recytuje-1-1448x2048.png 1448w, http:\/\/przedszkole.kosowlacki.pl\/wordpress\/wp-content\/uploads\/2023\/11\/Konkurs-recytatorski-Pieknie-recytuje-1-1024x1449.png 1024w, http:\/\/przedszkole.kosowlacki.pl\/wordpress\/wp-content\/uploads\/2023\/11\/Konkurs-recytatorski-Pieknie-recytuje-1-763x1080.png 763w, http:\/\/przedszkole.kosowlacki.pl\/wordpress\/wp-content\/uploads\/2023\/11\/Konkurs-recytatorski-Pieknie-recytuje-1.png 1587w\" sizes=\"(max-width: 212px) 100vw, 212px\" \/><\/p>\n<p style=\"text-align: left;\"><strong>Regulamin Konkursu Recytatorskiego<\/strong><\/p>\n<p style=\"text-align: left;\"><strong>\u201ePi\u0119knie recytuj\u0119\u201d <\/strong><\/p>\n<p style=\"text-align: left;\">\n<p style=\"text-align: left;\"><strong>1.Temat konkursu:\u00a0\u201ePi\u0119knie recytuj\u0119\u201d <\/strong><\/p>\n<p style=\"text-align: left;\"><strong>2.Organizatorem konkursu jest Gminne Przedszkole w Kosowie Lackim.<\/strong><\/p>\n<p style=\"text-align: left;\"><strong style=\"background-color: transparent;\">3.Koordynatorem konkursu jest: Aneta Ferenc<\/strong><\/p>\n<p style=\"text-align: left;\"><strong>4.Konkurs odb\u0119dzie si\u0119\u00a029 listopada 2023r.<\/strong><\/p>\n<p style=\"text-align: left;\"><strong>5.Konkurs adresowany jest do dzieci w wieku od 3 do 6 lat.<\/strong><\/p>\n<p style=\"text-align: left;\"><strong>Celem konkursu jest:<\/strong><\/p>\n<ul style=\"text-align: left;\">\n<li><strong>popularyzacja literatury dzieci\u0119cej<\/strong><\/li>\n<li><strong>wzbogacanie zasobu s\u0142ownictwa i umiej\u0119tno\u015bci wypowiedzi<\/strong><\/li>\n<li><strong>prezentacja mo\u017cliwo\u015bci, umiej\u0119tno\u015bci i zdolno\u015bci recytatorskich,<\/strong><\/li>\n<li><strong>tworzenie atmosfery do zabawy z utworami literackimi,<\/strong><\/li>\n<li><strong>czerpanie rado\u015bci ze wsp\u00f3lnej pracy z rodzicem<\/strong><\/li>\n<\/ul>\n<p style=\"text-align: left;\"><strong>6.Na konkurs nale\u017cy przygotowa\u0107:\u00a0<\/strong><\/p>\n<ul style=\"text-align: left;\">\n<li><strong>Wybrany wiersz o tematyce dzieci\u0119cej, autor\u00f3w poezji dzieci\u0119cej tj. Julian Tuwim, Jan Brzechwa i inni.<\/strong><strong style=\"background-color: transparent;\">7. Zg\u0142oszenia przyjmuje wychowawca do 24 listopada 2023r.<\/strong><\/li>\n<\/ul>\n<p style=\"text-align: left;\"><strong>8.Oceniane b\u0119dzie:<\/strong><\/p>\n<ul style=\"text-align: left;\">\n<li><strong>interpretacja i dob\u00f3r wiersza<\/strong><\/li>\n<li><strong>kultura s\u0142owa<\/strong><\/li>\n<li><strong>og\u00f3lny wyraz artystyczny<\/strong><\/li>\n<\/ul>\n<p style=\"text-align: left;\"><strong>9.Ka\u017cdy uczestnik otrzyma dyplom oraz upominek. <\/strong><\/p>\n<p style=\"text-align: left;\"><strong>10.Bior\u0105c udzia\u0142 w konkursie uczestnik potwierdza, \u017ce wyra\u017ca zgod\u0119 na wszystkie zasady zawarte w Regulaminie.<\/strong><\/p>\n<p style=\"text-align: left;\"><strong>11.Regulamin konkursu jest dost\u0119pny do wgl\u0105du w przedszkolu oraz na stronie przedszkole.kosowlacki.pl\/wordpress\/<\/strong><\/p>\n<p style=\"text-align: left;\">\n","protected":false},"excerpt":{"rendered":"<p>Regulamin Konkursu Recytatorskiego \u201ePi\u0119knie recytuj\u0119\u201d 1.Temat konkursu:\u00a0\u201ePi\u0119knie recytuj\u0119\u201d 2.Organizatorem konkursu jest Gminne Przedszkole w Kosowie Lackim. 3.Koordynatorem konkursu jest: Aneta Ferenc 4.Konkurs odb\u0119dzie si\u0119\u00a029 listopada 2023r. 5.Konkurs adresowany jest do dzieci w wieku od 3 do 6 lat. Celem konkursu jest: popularyzacja literatury dzieci\u0119cej wzbogacanie zasobu s\u0142ownictwa i umiej\u0119tno\u015bci wypowiedzi prezentacja mo\u017cliwo\u015bci, umiej\u0119tno\u015bci i zdolno\u015bci&hellip; <br \/> <a class=\"read-more\" href=\"http:\/\/przedszkole.kosowlacki.pl\/wordpress\/konkurs-recytatorski-pieknie-recytuje\/\">Read more<\/a><\/p>\n","protected":false},"author":8,"featured_media":0,"comment_status":"open","ping_status":"open","sticky":false,"template":"","format":"standard","meta":[],"categories":[11],"tags":[],"_links":{"self":[{"href":"http:\/\/przedszkole.kosowlacki.pl\/wordpress\/wp-json\/wp\/v2\/posts\/14122"}],"collection":[{"href":"http:\/\/przedszkole.kosowlacki.pl\/wordpress\/wp-json\/wp\/v2\/posts"}],"about":[{"href":"http:\/\/przedszkole.kosowlacki.pl\/wordpress\/wp-json\/wp\/v2\/types\/post"}],"author":[{"embeddable":true,"href":"http:\/\/przedszkole.kosowlacki.pl\/wordpress\/wp-json\/wp\/v2\/users\/8"}],"replies":[{"embeddable":true,"href":"http:\/\/przedszkole.kosowlacki.pl\/wordpress\/wp-json\/wp\/v2\/comments?post=14122"}],"version-history":[{"count":1,"href":"http:\/\/przedszkole.kosowlacki.pl\/wordpress\/wp-json\/wp\/v2\/posts\/14122\/revisions"}],"predecessor-version":[{"id":14124,"href":"http:\/\/przedszkole.kosowlacki.pl\/wordpress\/wp-json\/wp\/v2\/posts\/14122\/revisions\/14124"}],"wp:attachment":[{"href":"http:\/\/przedszkole.kosowlacki.pl\/wordpress\/wp-json\/wp\/v2\/media?parent=14122"}],"wp:term":[{"taxonomy":"category","embeddable":true,"href":"http:\/\/przedszkole.kosowlacki.pl\/wordpress\/wp-json\/wp\/v2\/categories?post=14122"},{"taxonomy":"post_tag","embeddable":true,"href":"http:\/\/przedszkole.kosowlacki.pl\/wordpress\/wp-json\/wp\/v2\/tags?post=14122"}],"curies":[{"name":"wp","href":"https:\/\/api.w.org\/{rel}","templated":true}]}}