{"id":14108,"date":"2023-11-10T12:37:44","date_gmt":"2023-11-10T11:37:44","guid":{"rendered":"http:\/\/przedszkole.kosowlacki.pl\/wordpress\/?p=14108"},"modified":"2023-11-10T12:37:56","modified_gmt":"2023-11-10T11:37:56","slug":"dzien-malego-patrioty-swieto-niepodleglosci","status":"publish","type":"post","link":"http:\/\/przedszkole.kosowlacki.pl\/wordpress\/dzien-malego-patrioty-swieto-niepodleglosci\/","title":{"rendered":"DZIE\u0143 MA\u0141EGO PATRIOTY &#8211; \u015aWI\u0118TO NIEPODLEG\u0141O\u015aCI"},"content":{"rendered":"<p style=\"text-align: center;\">\u00a0\u00a0\u00a0 \u00a0\u00a0\u015awi\u0119to Niepodleg\u0142o\u015bci w Polsce obchodzone corocznie 11 listopada, to wyj\u0105tkowy dzie\u0144 upami\u0119tniaj\u0105cy odzyskanie niepodleg\u0142o\u015bci przez Polsk\u0119 w 1918 roku po 123 latach zabor\u00f3w. Cho\u0107 data ta sta\u0142a si\u0119 symboliczna ju\u017c wtedy, to oficjalnie dzie\u0144 ten sta\u0142 si\u0119 \u015bwi\u0119tem narodowym.<\/p>\n<p style=\"text-align: center;\">\u00a0\u00a0\u00a0 Z tej okazji 10 listopada w naszym przedszkolu odby\u0142a si\u0119 uroczysta akademia , gdzie\u00a0 5 latki zaprezentowa\u0142y program s\u0142owno -muzyczny, w kt\u00f3rym kr\u00f3tko opowiedzia\u0142y histori\u0119 Polski w okresie zabor\u00f3w oraz walk\u0119 narodu polskiego o wolno\u015b\u0107. By\u0142a to prawdziwa lekcja wychowania patriotycznego, kt\u00f3rej g\u0142\u00f3wnym celem by\u0142o kszta\u0142towanie mi\u0142o\u015bci i przywi\u0105zania do kraju ojczystego, jego kultury i tradycji poznanie symboli narodowych naszego kraju.<\/p>\n<p>&nbsp;<\/p>\n<p style=\"text-align: right;\">\u00a0\u00a0\u00a0\u00a0\u00a0\u00a0\u00a0\u00a0\u00a0\u00a0\u00a0\u00a0\u00a0\u00a0\u00a0\u00a0\u00a0\u00a0\u00a0\u00a0\u00a0\u00a0\u00a0\u00a0\u00a0\u00a0\u00a0\u00a0\u00a0\u00a0\u00a0\u00a0\u00a0\u00a0\u00a0\u00a0\u00a0\u00a0\u00a0\u00a0\u00a0\u00a0\u00a0\u00a0\u00a0\u00a0\u00a0\u00a0\u00a0\u00a0\u00a0\u00a0\u00a0\u00a0\u00a0\u00a0\u00a0\u00a0\u00a0\u00a0\u00a0\u00a0\u00a0\u00a0\u00a0\u00a0\u00a0\u00a0\u00a0\u00a0\u00a0\u00a0\u00a0\u00a0\u00a0\u00a0\u00a0\u00a0\u00a0\u00a0\u00a0\u00a0\u00a0\u00a0\u00a0\u00a0\u00a0\u00a0\u00a0\u00a0\u00a0\u00a0\u00a0\u00a0\u00a0\u00a0\u00a0\u00a0\u00a0\u00a0\u00a0\u00a0\u00a0\u00a0\u00a0\u00a0\u00a0\u00a0\u00a0\u00a0\u00a0\u00a0 Ewa Godlewska<\/p>\n<p style=\"text-align: right;\">\n","protected":false},"excerpt":{"rendered":"<p>\u00a0\u00a0\u00a0 \u00a0\u00a0\u015awi\u0119to Niepodleg\u0142o\u015bci w Polsce obchodzone corocznie 11 listopada, to wyj\u0105tkowy dzie\u0144 upami\u0119tniaj\u0105cy odzyskanie niepodleg\u0142o\u015bci przez Polsk\u0119 w 1918 roku po 123 latach zabor\u00f3w. Cho\u0107 data ta sta\u0142a si\u0119 symboliczna ju\u017c wtedy, to oficjalnie dzie\u0144 ten sta\u0142 si\u0119 \u015bwi\u0119tem narodowym. \u00a0\u00a0\u00a0 Z tej okazji 10 listopada w naszym przedszkolu odby\u0142a si\u0119 uroczysta akademia , gdzie\u00a0&hellip; <br \/> <a class=\"read-more\" href=\"http:\/\/przedszkole.kosowlacki.pl\/wordpress\/dzien-malego-patrioty-swieto-niepodleglosci\/\">Read more<\/a><\/p>\n","protected":false},"author":9,"featured_media":0,"comment_status":"open","ping_status":"open","sticky":false,"template":"","format":"standard","meta":[],"categories":[10],"tags":[],"_links":{"self":[{"href":"http:\/\/przedszkole.kosowlacki.pl\/wordpress\/wp-json\/wp\/v2\/posts\/14108"}],"collection":[{"href":"http:\/\/przedszkole.kosowlacki.pl\/wordpress\/wp-json\/wp\/v2\/posts"}],"about":[{"href":"http:\/\/przedszkole.kosowlacki.pl\/wordpress\/wp-json\/wp\/v2\/types\/post"}],"author":[{"embeddable":true,"href":"http:\/\/przedszkole.kosowlacki.pl\/wordpress\/wp-json\/wp\/v2\/users\/9"}],"replies":[{"embeddable":true,"href":"http:\/\/przedszkole.kosowlacki.pl\/wordpress\/wp-json\/wp\/v2\/comments?post=14108"}],"version-history":[{"count":10,"href":"http:\/\/przedszkole.kosowlacki.pl\/wordpress\/wp-json\/wp\/v2\/posts\/14108\/revisions"}],"predecessor-version":[{"id":14118,"href":"http:\/\/przedszkole.kosowlacki.pl\/wordpress\/wp-json\/wp\/v2\/posts\/14108\/revisions\/14118"}],"wp:attachment":[{"href":"http:\/\/przedszkole.kosowlacki.pl\/wordpress\/wp-json\/wp\/v2\/media?parent=14108"}],"wp:term":[{"taxonomy":"category","embeddable":true,"href":"http:\/\/przedszkole.kosowlacki.pl\/wordpress\/wp-json\/wp\/v2\/categories?post=14108"},{"taxonomy":"post_tag","embeddable":true,"href":"http:\/\/przedszkole.kosowlacki.pl\/wordpress\/wp-json\/wp\/v2\/tags?post=14108"}],"curies":[{"name":"wp","href":"https:\/\/api.w.org\/{rel}","templated":true}]}}