{"id":14105,"date":"2023-11-10T10:58:20","date_gmt":"2023-11-10T09:58:20","guid":{"rendered":"http:\/\/przedszkole.kosowlacki.pl\/wordpress\/?p=14105"},"modified":"2023-11-10T10:58:20","modified_gmt":"2023-11-10T09:58:20","slug":"bystrzak-czyta-i-wie-rodzice-czytaja-bajki","status":"publish","type":"post","link":"http:\/\/przedszkole.kosowlacki.pl\/wordpress\/bystrzak-czyta-i-wie-rodzice-czytaja-bajki\/","title":{"rendered":"\u201eBYSTRZAK CZYTA I WIE\u201d &#8211; RODZICE CZYTAJ\u0104 BAJKI"},"content":{"rendered":"<p style=\"text-align: center;\">Wiek przedszkolny to najodpowiedniejszy czas, w kt\u00f3rym powinni\u015bmy rozwija\u0107 zainteresowania czytelnicze najm\u0142odszych. Nasze zabiegi, aby zach\u0119ci\u0107 dzieci do kontaktu z ksi\u0105\u017ck\u0105 maj\u0105 ogromne znaczenie w ich dalszej nauce szkolnej i uczestnictwie w kulturze. Cz\u0119ste czytanie bajek wp\u0142ywa znacz\u0105co na rozw\u00f3j wyobra\u017ani i aktywno\u015bci intelektualnej dzieci, wzbogaca ich wiedz\u0119 o \u015bwiecie jednocze\u015bnie kszta\u0142tuj\u0105c wra\u017cliwo\u015b\u0107 moraln\u0105.<\/p>\n<p style=\"text-align: center;\">\u00a0\u00a0 Dlatego wsp\u00f3lnie z Rodzicami \u00a0rozpocz\u0119li\u015bmy akcj\u0119 &#8222;Bystrzak czyta, i wie\u201d, kt\u00f3ra ma na celu kszta\u0142cenie nawyk\u00f3w czytelniczych, nabywanie nawyku dbania o ksi\u0105\u017cki i szanowania ich, a tak\u017ce przekazywanie za po\u015brednictwem literatury warto\u015bci moralnych oraz budowanie wi\u0119zi mi\u0119dzy rodzicem i dzieckiem. Przedsi\u0119wzi\u0119cie polega na tym, \u017ce ch\u0119tni Rodzice przychodz\u0105 do przedszkola i czytaj\u0105 dzieciom.<\/p>\n<p style=\"text-align: center;\"><strong>Czekamy z niecierpliwo\u015bci\u0105 na dalszych ochotnik\u00f3w &#8211; a dzieciom gratulujemy wspania\u0142ych Rodzic\u00f3w.\u00a0<\/strong><\/p>\n<p style=\"text-align: right;\">Ewa Ciesielska<\/p>\n<p>&nbsp;<\/p>\n","protected":false},"excerpt":{"rendered":"<p>Wiek przedszkolny to najodpowiedniejszy czas, w kt\u00f3rym powinni\u015bmy rozwija\u0107 zainteresowania czytelnicze najm\u0142odszych. Nasze zabiegi, aby zach\u0119ci\u0107 dzieci do kontaktu z ksi\u0105\u017ck\u0105 maj\u0105 ogromne znaczenie w ich dalszej nauce szkolnej i uczestnictwie w kulturze. Cz\u0119ste czytanie bajek wp\u0142ywa znacz\u0105co na rozw\u00f3j wyobra\u017ani i aktywno\u015bci intelektualnej dzieci, wzbogaca ich wiedz\u0119 o \u015bwiecie jednocze\u015bnie kszta\u0142tuj\u0105c wra\u017cliwo\u015b\u0107 moraln\u0105. \u00a0\u00a0&hellip; <br \/> <a class=\"read-more\" href=\"http:\/\/przedszkole.kosowlacki.pl\/wordpress\/bystrzak-czyta-i-wie-rodzice-czytaja-bajki\/\">Read more<\/a><\/p>\n","protected":false},"author":8,"featured_media":0,"comment_status":"open","ping_status":"open","sticky":false,"template":"","format":"standard","meta":[],"categories":[10],"tags":[],"_links":{"self":[{"href":"http:\/\/przedszkole.kosowlacki.pl\/wordpress\/wp-json\/wp\/v2\/posts\/14105"}],"collection":[{"href":"http:\/\/przedszkole.kosowlacki.pl\/wordpress\/wp-json\/wp\/v2\/posts"}],"about":[{"href":"http:\/\/przedszkole.kosowlacki.pl\/wordpress\/wp-json\/wp\/v2\/types\/post"}],"author":[{"embeddable":true,"href":"http:\/\/przedszkole.kosowlacki.pl\/wordpress\/wp-json\/wp\/v2\/users\/8"}],"replies":[{"embeddable":true,"href":"http:\/\/przedszkole.kosowlacki.pl\/wordpress\/wp-json\/wp\/v2\/comments?post=14105"}],"version-history":[{"count":1,"href":"http:\/\/przedszkole.kosowlacki.pl\/wordpress\/wp-json\/wp\/v2\/posts\/14105\/revisions"}],"predecessor-version":[{"id":14106,"href":"http:\/\/przedszkole.kosowlacki.pl\/wordpress\/wp-json\/wp\/v2\/posts\/14105\/revisions\/14106"}],"wp:attachment":[{"href":"http:\/\/przedszkole.kosowlacki.pl\/wordpress\/wp-json\/wp\/v2\/media?parent=14105"}],"wp:term":[{"taxonomy":"category","embeddable":true,"href":"http:\/\/przedszkole.kosowlacki.pl\/wordpress\/wp-json\/wp\/v2\/categories?post=14105"},{"taxonomy":"post_tag","embeddable":true,"href":"http:\/\/przedszkole.kosowlacki.pl\/wordpress\/wp-json\/wp\/v2\/tags?post=14105"}],"curies":[{"name":"wp","href":"https:\/\/api.w.org\/{rel}","templated":true}]}}