{"id":14057,"date":"2023-11-03T11:47:14","date_gmt":"2023-11-03T10:47:14","guid":{"rendered":"http:\/\/przedszkole.kosowlacki.pl\/wordpress\/?p=14057"},"modified":"2023-11-03T11:49:10","modified_gmt":"2023-11-03T10:49:10","slug":"ogloszenie-21","status":"publish","type":"post","link":"http:\/\/przedszkole.kosowlacki.pl\/wordpress\/ogloszenie-21\/","title":{"rendered":"Og\u0142oszenie"},"content":{"rendered":"<h2 align=\"left\">Serdecznie zapraszamy Rodzic\u00f3w dzieci 5 letnich<span style=\"color: #ff0000;\">(<\/span> <span style=\"color: #ff0000;\">Muchomorki i Biedronki)<\/span> na cz\u0119\u015b\u0107 artystyczn\u0105 z okazji \u015awi\u0119ta Niepodleg\u0142o\u015bci, kt\u00f3ra odb\u0119dzie si\u0119 <span style=\"color: #ff0000;\">10 listopada (pi\u0105tek) o godzinie 10.00.<\/span><\/h2>\n","protected":false},"excerpt":{"rendered":"<p>Serdecznie zapraszamy Rodzic\u00f3w dzieci 5 letnich( Muchomorki i Biedronki) na cz\u0119\u015b\u0107 artystyczn\u0105 z okazji \u015awi\u0119ta Niepodleg\u0142o\u015bci, kt\u00f3ra odb\u0119dzie si\u0119 10 listopada (pi\u0105tek) o godzinie 10.00.<\/p>\n","protected":false},"author":2,"featured_media":0,"comment_status":"open","ping_status":"open","sticky":false,"template":"","format":"standard","meta":[],"categories":[11],"tags":[],"_links":{"self":[{"href":"http:\/\/przedszkole.kosowlacki.pl\/wordpress\/wp-json\/wp\/v2\/posts\/14057"}],"collection":[{"href":"http:\/\/przedszkole.kosowlacki.pl\/wordpress\/wp-json\/wp\/v2\/posts"}],"about":[{"href":"http:\/\/przedszkole.kosowlacki.pl\/wordpress\/wp-json\/wp\/v2\/types\/post"}],"author":[{"embeddable":true,"href":"http:\/\/przedszkole.kosowlacki.pl\/wordpress\/wp-json\/wp\/v2\/users\/2"}],"replies":[{"embeddable":true,"href":"http:\/\/przedszkole.kosowlacki.pl\/wordpress\/wp-json\/wp\/v2\/comments?post=14057"}],"version-history":[{"count":3,"href":"http:\/\/przedszkole.kosowlacki.pl\/wordpress\/wp-json\/wp\/v2\/posts\/14057\/revisions"}],"predecessor-version":[{"id":14060,"href":"http:\/\/przedszkole.kosowlacki.pl\/wordpress\/wp-json\/wp\/v2\/posts\/14057\/revisions\/14060"}],"wp:attachment":[{"href":"http:\/\/przedszkole.kosowlacki.pl\/wordpress\/wp-json\/wp\/v2\/media?parent=14057"}],"wp:term":[{"taxonomy":"category","embeddable":true,"href":"http:\/\/przedszkole.kosowlacki.pl\/wordpress\/wp-json\/wp\/v2\/categories?post=14057"},{"taxonomy":"post_tag","embeddable":true,"href":"http:\/\/przedszkole.kosowlacki.pl\/wordpress\/wp-json\/wp\/v2\/tags?post=14057"}],"curies":[{"name":"wp","href":"https:\/\/api.w.org\/{rel}","templated":true}]}}