{"id":14054,"date":"2023-11-03T11:34:17","date_gmt":"2023-11-03T10:34:17","guid":{"rendered":"http:\/\/przedszkole.kosowlacki.pl\/wordpress\/?p=14054"},"modified":"2023-11-03T11:34:17","modified_gmt":"2023-11-03T10:34:17","slug":"swieto-niepodleglosci-2","status":"publish","type":"post","link":"http:\/\/przedszkole.kosowlacki.pl\/wordpress\/swieto-niepodleglosci-2\/","title":{"rendered":"\u015awi\u0119to Niepodleg\u0142o\u015bci"},"content":{"rendered":"<h2>W dniu <span style=\"color: #ff0000;\">10 listopada<\/span> ( pi\u0105tek) w naszym przedszkolu odb\u0119dzie si\u0119 akademia z okazji \u015awi\u0119ta Niepodleg\u0142o\u015bci. Z tej okazji prosimy o ubranie dzieci na galowo.<\/h2>\n","protected":false},"excerpt":{"rendered":"<p>W dniu 10 listopada ( pi\u0105tek) w naszym przedszkolu odb\u0119dzie si\u0119 akademia z okazji \u015awi\u0119ta Niepodleg\u0142o\u015bci. Z tej okazji prosimy o ubranie dzieci na galowo.<\/p>\n","protected":false},"author":2,"featured_media":0,"comment_status":"open","ping_status":"open","sticky":false,"template":"","format":"standard","meta":[],"categories":[11],"tags":[],"_links":{"self":[{"href":"http:\/\/przedszkole.kosowlacki.pl\/wordpress\/wp-json\/wp\/v2\/posts\/14054"}],"collection":[{"href":"http:\/\/przedszkole.kosowlacki.pl\/wordpress\/wp-json\/wp\/v2\/posts"}],"about":[{"href":"http:\/\/przedszkole.kosowlacki.pl\/wordpress\/wp-json\/wp\/v2\/types\/post"}],"author":[{"embeddable":true,"href":"http:\/\/przedszkole.kosowlacki.pl\/wordpress\/wp-json\/wp\/v2\/users\/2"}],"replies":[{"embeddable":true,"href":"http:\/\/przedszkole.kosowlacki.pl\/wordpress\/wp-json\/wp\/v2\/comments?post=14054"}],"version-history":[{"count":1,"href":"http:\/\/przedszkole.kosowlacki.pl\/wordpress\/wp-json\/wp\/v2\/posts\/14054\/revisions"}],"predecessor-version":[{"id":14055,"href":"http:\/\/przedszkole.kosowlacki.pl\/wordpress\/wp-json\/wp\/v2\/posts\/14054\/revisions\/14055"}],"wp:attachment":[{"href":"http:\/\/przedszkole.kosowlacki.pl\/wordpress\/wp-json\/wp\/v2\/media?parent=14054"}],"wp:term":[{"taxonomy":"category","embeddable":true,"href":"http:\/\/przedszkole.kosowlacki.pl\/wordpress\/wp-json\/wp\/v2\/categories?post=14054"},{"taxonomy":"post_tag","embeddable":true,"href":"http:\/\/przedszkole.kosowlacki.pl\/wordpress\/wp-json\/wp\/v2\/tags?post=14054"}],"curies":[{"name":"wp","href":"https:\/\/api.w.org\/{rel}","templated":true}]}}