{"id":14046,"date":"2023-10-31T19:34:34","date_gmt":"2023-10-31T18:34:34","guid":{"rendered":"http:\/\/przedszkole.kosowlacki.pl\/wordpress\/?p=14046"},"modified":"2023-10-31T19:36:16","modified_gmt":"2023-10-31T18:36:16","slug":"14046-2","status":"publish","type":"post","link":"http:\/\/przedszkole.kosowlacki.pl\/wordpress\/14046-2\/","title":{"rendered":"PODZI\u0118KOWANIE"},"content":{"rendered":"<p style=\"text-align: center;\"><em>\u201eCz\u0142owiek jest dobry nie przez to kim jest,<\/em><em><br \/>\nlecz przez to czym dzieli si\u0119 z innymi\u2026\u201d<\/em><\/p>\n<p style=\"text-align: center;\"><em>Jan Pawe\u0142 II<\/em><\/p>\n<p style=\"text-align: center;\"><strong>Dyrekcja i grono pedagogiczne Gminnego Przedszkola w Kosowie Lackim serdecznie dzi\u0119kuj\u0105<\/strong>\u00a0<strong>Rodzicom za inicjatyw\u0119, zaanga\u017cowanie i wsparcie akcji charytatywnej \u2013 kiermaszu, z kt\u00f3rego doch\u00f3d przeznaczony jest na leczenie Pani Justyny Sk\u0142adanowskiej.<\/strong><\/p>\n<p style=\"text-align: center;\">Jeste\u015bmy wdzi\u0119czni Rodzicom oraz wszystkim osobom zaanga\u017cowanym w to przedsi\u0119wzi\u0119cie. Dzi\u0119kujemy za okazane wsparcie i za to, \u017ce mogli\u015bmy liczy\u0107 na Pa\u0144stwa otwarte serca, kt\u00f3re tak przepi\u0119knie potrafi\u0105 dzieli\u0107 si\u0119 dobrem z innymi.<\/p>\n<p>&nbsp;<\/p>\n","protected":false},"excerpt":{"rendered":"<p>\u201eCz\u0142owiek jest dobry nie przez to kim jest, lecz przez to czym dzieli si\u0119 z innymi\u2026\u201d Jan Pawe\u0142 II Dyrekcja i grono pedagogiczne Gminnego Przedszkola w Kosowie Lackim serdecznie dzi\u0119kuj\u0105\u00a0Rodzicom za inicjatyw\u0119, zaanga\u017cowanie i wsparcie akcji charytatywnej \u2013 kiermaszu, z kt\u00f3rego doch\u00f3d przeznaczony jest na leczenie Pani Justyny Sk\u0142adanowskiej. Jeste\u015bmy wdzi\u0119czni Rodzicom oraz wszystkim osobom&hellip; <br \/> <a class=\"read-more\" href=\"http:\/\/przedszkole.kosowlacki.pl\/wordpress\/14046-2\/\">Read more<\/a><\/p>\n","protected":false},"author":8,"featured_media":0,"comment_status":"open","ping_status":"open","sticky":false,"template":"","format":"standard","meta":[],"categories":[10],"tags":[],"_links":{"self":[{"href":"http:\/\/przedszkole.kosowlacki.pl\/wordpress\/wp-json\/wp\/v2\/posts\/14046"}],"collection":[{"href":"http:\/\/przedszkole.kosowlacki.pl\/wordpress\/wp-json\/wp\/v2\/posts"}],"about":[{"href":"http:\/\/przedszkole.kosowlacki.pl\/wordpress\/wp-json\/wp\/v2\/types\/post"}],"author":[{"embeddable":true,"href":"http:\/\/przedszkole.kosowlacki.pl\/wordpress\/wp-json\/wp\/v2\/users\/8"}],"replies":[{"embeddable":true,"href":"http:\/\/przedszkole.kosowlacki.pl\/wordpress\/wp-json\/wp\/v2\/comments?post=14046"}],"version-history":[{"count":2,"href":"http:\/\/przedszkole.kosowlacki.pl\/wordpress\/wp-json\/wp\/v2\/posts\/14046\/revisions"}],"predecessor-version":[{"id":14049,"href":"http:\/\/przedszkole.kosowlacki.pl\/wordpress\/wp-json\/wp\/v2\/posts\/14046\/revisions\/14049"}],"wp:attachment":[{"href":"http:\/\/przedszkole.kosowlacki.pl\/wordpress\/wp-json\/wp\/v2\/media?parent=14046"}],"wp:term":[{"taxonomy":"category","embeddable":true,"href":"http:\/\/przedszkole.kosowlacki.pl\/wordpress\/wp-json\/wp\/v2\/categories?post=14046"},{"taxonomy":"post_tag","embeddable":true,"href":"http:\/\/przedszkole.kosowlacki.pl\/wordpress\/wp-json\/wp\/v2\/tags?post=14046"}],"curies":[{"name":"wp","href":"https:\/\/api.w.org\/{rel}","templated":true}]}}