{"id":14027,"date":"2023-10-26T17:55:19","date_gmt":"2023-10-26T15:55:19","guid":{"rendered":"http:\/\/przedszkole.kosowlacki.pl\/wordpress\/?p=14027"},"modified":"2023-10-26T18:07:22","modified_gmt":"2023-10-26T16:07:22","slug":"mobilne-planetarium","status":"publish","type":"post","link":"http:\/\/przedszkole.kosowlacki.pl\/wordpress\/mobilne-planetarium\/","title":{"rendered":"MOBILNE PLANETARIUM"},"content":{"rendered":"<p style=\"text-align: center;\">\u00a0\u00a0 25 pa\u017adziernika dzieci z naszego przedszkola uczestniczy\u0142y w seansach edukacyjnych\u00a0 pt. \u201e Zaczarowany globus\u201d oraz \u201eSekret kartonowej rakiety\u201d.\u00a0 Pokazy te odby\u0142y si\u0119\u00a0 w Mobilnym Planetarium pod specjaln\u0105 kopu\u0142\u0105 o kszta\u0142cie kuli, kt\u00f3ra dawa\u0142a wra\u017cenie przestrzeni kosmicznej.\u00a0 Dzieci odby\u0142y niezwyk\u0142\u0105 podr\u00f3\u017c po planetach uk\u0142adu s\u0142onecznego. Dowiedzia\u0142y si\u0119 wiele ciekawostek na ich temat. Pozna\u0142y tak\u017ce w jaki spos\u00f3b zmieniaj\u0105 si\u0119 pory roku, a razem z nimi \u017cycie na ziemi. Na zako\u0144czenie przedszkolaki mog\u0142y obejrze\u0107 kr\u00f3tki film przedstawiaj\u0105cy wylot rakiety w kosmos. Du\u017co rado\u015bci i zabawy przynios\u0142a dzieciom animacja w postaci przeja\u017cd\u017cki kolejk\u0105 w parku rozrywki. Pokaz pobudzi\u0142 wyobra\u017anie dzieci oraz dostarczy\u0142 im wiele niezapomnianych kosmicznych wra\u017ce\u0144.<\/p>\n<p style=\"text-align: right;\">\u00a0\u00a0\u00a0\u00a0\u00a0\u00a0\u00a0\u00a0\u00a0\u00a0\u00a0\u00a0\u00a0\u00a0\u00a0\u00a0\u00a0\u00a0\u00a0\u00a0\u00a0\u00a0\u00a0\u00a0\u00a0\u00a0\u00a0\u00a0\u00a0\u00a0\u00a0\u00a0\u00a0\u00a0\u00a0\u00a0\u00a0\u00a0\u00a0\u00a0\u00a0\u00a0\u00a0\u00a0\u00a0\u00a0\u00a0\u00a0\u00a0\u00a0\u00a0\u00a0\u00a0\u00a0\u00a0\u00a0\u00a0\u00a0\u00a0\u00a0\u00a0\u00a0\u00a0\u00a0\u00a0\u00a0\u00a0\u00a0\u00a0\u00a0\u00a0\u00a0\u00a0\u00a0\u00a0\u00a0\u00a0\u00a0\u00a0\u00a0\u00a0\u00a0\u00a0\u00a0\u00a0\u00a0\u00a0\u00a0\u00a0\u00a0\u00a0\u00a0\u00a0\u00a0\u00a0\u00a0\u00a0\u00a0\u00a0\u00a0\u00a0\u00a0\u00a0\u00a0\u00a0\u00a0\u00a0\u00a0\u00a0\u00a0\u00a0\u00a0\u00a0\u00a0\u00a0\u00a0\u00a0\u00a0\u00a0\u00a0\u00a0\u00a0\u00a0\u00a0\u00a0\u00a0\u00a0\u00a0\u00a0\u00a0\u00a0\u00a0\u00a0\u00a0\u00a0\u00a0\u00a0\u00a0\u00a0\u00a0\u00a0\u00a0\u00a0\u00a0\u00a0\u00a0\u00a0\u00a0\u00a0\u00a0\u00a0\u00a0\u00a0\u00a0\u00a0\u00a0\u00a0\u00a0\u00a0\u00a0\u00a0\u00a0\u00a0\u00a0\u00a0\u00a0\u00a0\u00a0\u00a0\u00a0\u00a0\u00a0\u00a0\u00a0\u00a0\u00a0\u00a0\u00a0\u00a0\u00a0\u00a0\u00a0\u00a0\u00a0\u00a0\u00a0\u00a0\u00a0\u00a0\u00a0\u00a0\u00a0\u00a0\u00a0\u00a0\u00a0\u00a0\u00a0\u00a0\u00a0\u00a0\u00a0\u00a0\u00a0\u00a0\u00a0\u00a0\u00a0\u00a0\u00a0\u00a0\u00a0\u00a0\u00a0\u00a0\u00a0\u00a0\u00a0\u00a0\u00a0\u00a0\u00a0\u00a0\u00a0\u00a0\u00a0\u00a0\u00a0\u00a0\u00a0\u00a0\u00a0\u00a0\u00a0\u00a0\u00a0\u00a0\u00a0\u00a0\u00a0\u00a0\u00a0\u00a0\u00a0\u00a0\u00a0\u00a0\u00a0\u00a0\u00a0\u00a0\u00a0\u00a0\u00a0\u00a0\u00a0\u00a0\u00a0\u00a0\u00a0\u00a0\u00a0 <em>P. Osipiak<\/em><\/p>\n","protected":false},"excerpt":{"rendered":"<p>\u00a0\u00a0 25 pa\u017adziernika dzieci z naszego przedszkola uczestniczy\u0142y w seansach edukacyjnych\u00a0 pt. \u201e Zaczarowany globus\u201d oraz \u201eSekret kartonowej rakiety\u201d.\u00a0 Pokazy te odby\u0142y si\u0119\u00a0 w Mobilnym Planetarium pod specjaln\u0105 kopu\u0142\u0105 o kszta\u0142cie kuli, kt\u00f3ra dawa\u0142a wra\u017cenie przestrzeni kosmicznej.\u00a0 Dzieci odby\u0142y niezwyk\u0142\u0105 podr\u00f3\u017c po planetach uk\u0142adu s\u0142onecznego. Dowiedzia\u0142y si\u0119 wiele ciekawostek na ich temat. Pozna\u0142y tak\u017ce w&hellip; <br \/> <a class=\"read-more\" href=\"http:\/\/przedszkole.kosowlacki.pl\/wordpress\/mobilne-planetarium\/\">Read more<\/a><\/p>\n","protected":false},"author":9,"featured_media":0,"comment_status":"open","ping_status":"open","sticky":false,"template":"","format":"standard","meta":[],"categories":[10],"tags":[],"_links":{"self":[{"href":"http:\/\/przedszkole.kosowlacki.pl\/wordpress\/wp-json\/wp\/v2\/posts\/14027"}],"collection":[{"href":"http:\/\/przedszkole.kosowlacki.pl\/wordpress\/wp-json\/wp\/v2\/posts"}],"about":[{"href":"http:\/\/przedszkole.kosowlacki.pl\/wordpress\/wp-json\/wp\/v2\/types\/post"}],"author":[{"embeddable":true,"href":"http:\/\/przedszkole.kosowlacki.pl\/wordpress\/wp-json\/wp\/v2\/users\/9"}],"replies":[{"embeddable":true,"href":"http:\/\/przedszkole.kosowlacki.pl\/wordpress\/wp-json\/wp\/v2\/comments?post=14027"}],"version-history":[{"count":12,"href":"http:\/\/przedszkole.kosowlacki.pl\/wordpress\/wp-json\/wp\/v2\/posts\/14027\/revisions"}],"predecessor-version":[{"id":14035,"href":"http:\/\/przedszkole.kosowlacki.pl\/wordpress\/wp-json\/wp\/v2\/posts\/14027\/revisions\/14035"}],"wp:attachment":[{"href":"http:\/\/przedszkole.kosowlacki.pl\/wordpress\/wp-json\/wp\/v2\/media?parent=14027"}],"wp:term":[{"taxonomy":"category","embeddable":true,"href":"http:\/\/przedszkole.kosowlacki.pl\/wordpress\/wp-json\/wp\/v2\/categories?post=14027"},{"taxonomy":"post_tag","embeddable":true,"href":"http:\/\/przedszkole.kosowlacki.pl\/wordpress\/wp-json\/wp\/v2\/tags?post=14027"}],"curies":[{"name":"wp","href":"https:\/\/api.w.org\/{rel}","templated":true}]}}