{"id":13965,"date":"2023-10-20T10:58:39","date_gmt":"2023-10-20T08:58:39","guid":{"rendered":"http:\/\/przedszkole.kosowlacki.pl\/wordpress\/?p=13965"},"modified":"2023-10-20T10:58:39","modified_gmt":"2023-10-20T08:58:39","slug":"vi-konkurs-poetycki-im-franciszka-kobrynczuka-w-sokolowie-podl","status":"publish","type":"post","link":"http:\/\/przedszkole.kosowlacki.pl\/wordpress\/vi-konkurs-poetycki-im-franciszka-kobrynczuka-w-sokolowie-podl\/","title":{"rendered":"VI Konkurs Poetycki im. Franciszka Kobry\u0144czuka w Soko\u0142owie Podl."},"content":{"rendered":"<p style=\"text-align: center;\"><strong>19 pa\u017adziernika 2023 roku w Soko\u0142owie Podlaskim odby\u0142 si\u0119 VI Konkurs Poetycki im. Franciszka Kobry\u0144czuka.<\/strong><\/p>\n<p style=\"text-align: center;\">Organizatorem konkursu by\u0142a Biblioteka Pedagogiczna im. Heleny Radli\u0144skiej w Siedlcach, Filia w Soko\u0142owie Podlaskim<\/p>\n<p style=\"text-align: center;\">oraz Stowarzyszenie \u201eLepsze Jutro Gminy Sterdy\u0144.\u201d<\/p>\n<p style=\"text-align: left;\">\u00a0Konkurs mia\u0142\u00a0 na celu:<\/p>\n<ul style=\"text-align: center;\">\n<li style=\"text-align: left;\">popularyzacj\u0119 dorobku literackiego prof. Franciszka Kobry\u0144czuka oraz upowszechnianie kultury \u017cywego s\u0142owa w\u015br\u00f3d dzieci i m\u0142odzie\u017cy,<\/li>\n<li style=\"text-align: left;\">rozwijanie uzdolnie\u0144 tw\u00f3rczych i doskonalenie umiej\u0119tno\u015bci recytatorskich.<\/li>\n<\/ul>\n<p style=\"text-align: center;\">Adresowany by\u0142 do przedszkolak\u00f3w, uczni\u00f3w szk\u00f3\u0142 podstawowych, szk\u00f3\u0142 \u015brednich i doros\u0142ych.<\/p>\n<p style=\"text-align: center;\"><strong>Nasze przedszkole w I kategorii wiekowej reprezentowa\u0142y Ewa Socik z grupy \u201eMotylki\u201d oraz\u00a0 \u2013Oliwia Imbrzykowska z grupy \u201e S\u0142oneczka\u201d.<\/strong><\/p>\n<p style=\"text-align: center;\">Uczestniczki konkursu otrzyma\u0142y dyplomy oraz nagrody\u00a0 ufundowane m.in. przez Powiat Soko\u0142owski.<\/p>\n<p style=\"text-align: center;\"><strong><em>Gratulujemy naszym\u00a0 laureatkom.<\/em><\/strong><\/p>\n<p style=\"text-align: center;\"><strong><em>Dzi\u0119kujemy Rodzicom za zaanga\u017cowanie i przygotowanie swoich pociech do wyst\u0119p\u00f3w.<\/em><\/strong><\/p>\n<p style=\"text-align: right;\">Ewa Ciesielska<\/p>\n","protected":false},"excerpt":{"rendered":"<p>19 pa\u017adziernika 2023 roku w Soko\u0142owie Podlaskim odby\u0142 si\u0119 VI Konkurs Poetycki im. Franciszka Kobry\u0144czuka. Organizatorem konkursu by\u0142a Biblioteka Pedagogiczna im. Heleny Radli\u0144skiej w Siedlcach, Filia w Soko\u0142owie Podlaskim oraz Stowarzyszenie \u201eLepsze Jutro Gminy Sterdy\u0144.\u201d \u00a0Konkurs mia\u0142\u00a0 na celu: popularyzacj\u0119 dorobku literackiego prof. Franciszka Kobry\u0144czuka oraz upowszechnianie kultury \u017cywego s\u0142owa w\u015br\u00f3d dzieci i m\u0142odzie\u017cy, rozwijanie&hellip; <br \/> <a class=\"read-more\" href=\"http:\/\/przedszkole.kosowlacki.pl\/wordpress\/vi-konkurs-poetycki-im-franciszka-kobrynczuka-w-sokolowie-podl\/\">Read more<\/a><\/p>\n","protected":false},"author":8,"featured_media":0,"comment_status":"open","ping_status":"open","sticky":false,"template":"","format":"standard","meta":[],"categories":[10],"tags":[],"_links":{"self":[{"href":"http:\/\/przedszkole.kosowlacki.pl\/wordpress\/wp-json\/wp\/v2\/posts\/13965"}],"collection":[{"href":"http:\/\/przedszkole.kosowlacki.pl\/wordpress\/wp-json\/wp\/v2\/posts"}],"about":[{"href":"http:\/\/przedszkole.kosowlacki.pl\/wordpress\/wp-json\/wp\/v2\/types\/post"}],"author":[{"embeddable":true,"href":"http:\/\/przedszkole.kosowlacki.pl\/wordpress\/wp-json\/wp\/v2\/users\/8"}],"replies":[{"embeddable":true,"href":"http:\/\/przedszkole.kosowlacki.pl\/wordpress\/wp-json\/wp\/v2\/comments?post=13965"}],"version-history":[{"count":1,"href":"http:\/\/przedszkole.kosowlacki.pl\/wordpress\/wp-json\/wp\/v2\/posts\/13965\/revisions"}],"predecessor-version":[{"id":13966,"href":"http:\/\/przedszkole.kosowlacki.pl\/wordpress\/wp-json\/wp\/v2\/posts\/13965\/revisions\/13966"}],"wp:attachment":[{"href":"http:\/\/przedszkole.kosowlacki.pl\/wordpress\/wp-json\/wp\/v2\/media?parent=13965"}],"wp:term":[{"taxonomy":"category","embeddable":true,"href":"http:\/\/przedszkole.kosowlacki.pl\/wordpress\/wp-json\/wp\/v2\/categories?post=13965"},{"taxonomy":"post_tag","embeddable":true,"href":"http:\/\/przedszkole.kosowlacki.pl\/wordpress\/wp-json\/wp\/v2\/tags?post=13965"}],"curies":[{"name":"wp","href":"https:\/\/api.w.org\/{rel}","templated":true}]}}