{"id":13782,"date":"2023-10-18T11:44:44","date_gmt":"2023-10-18T09:44:44","guid":{"rendered":"http:\/\/przedszkole.kosowlacki.pl\/wordpress\/?p=13782"},"modified":"2023-10-18T11:44:44","modified_gmt":"2023-10-18T09:44:44","slug":"wyjscie-do-sklepu-mrowka","status":"publish","type":"post","link":"http:\/\/przedszkole.kosowlacki.pl\/wordpress\/wyjscie-do-sklepu-mrowka\/","title":{"rendered":"Wyj\u015bcie do sklepu &#8222;Mr\u00f3wka&#8221;"},"content":{"rendered":"<p>&nbsp;<\/p>\n<p style=\"text-align: center;\">W dniu 18.10.2023 wybrali\u015bmy si\u0119 na kr\u00f3tk\u0105 wycieczk\u0119 do sklepu z materia\u0142ami budowlanymi i wyko\u0144czeniowymi \u201eMr\u00f3wka\u201d w Kosowie Lackim. Dzieci wr\u0119czy\u0142y podzi\u0119kowanie za zaanga\u017cowanie w Og\u00f3lnopolski Dzie\u0144 G\u0142o\u015bnego Czytania, i przys\u0142anie pana Mr\u00f3wki do przeczytania nam kilku ksi\u0105\u017ceczek. Przedszkolaki mia\u0142y okazj\u0119 \u00a0zwiedzi\u0107 sklep, zobaczy\u0107 produkty, kt\u00f3re mo\u017cna w nim kupi\u0107 oraz jak s\u0105 pouk\u0142adane na p\u00f3\u0142kach. Nauczyli\u015bmy si\u0119 r\u00f3wnie\u017c \u00a0\u00a0jak poprosi\u0107 w sklepie o pomoc. Pracownicy sklepu bardzo \u017cyczliwie nas przyj\u0119li i oprowadzili, a tak\u017ce odpowiadali na pytania zadane przez przedszkolak\u00f3w. Sklep \u201eMr\u00f3wka\u201d wsp\u00f3\u0142pracuje z naszym przedszkolem organizuj\u0105c ciekawe dla dzieci warsztaty i prelekcje, a tak\u017ce anga\u017cuj\u0105c si\u0119 w nasze projekty jako go\u015bcie.<\/p>\n<p style=\"text-align: center;\">\u00a0Bardzo dzi\u0119kujemy i zapraszamy nast\u0119pnym razem!<\/p>\n<p>&nbsp;<\/p>\n<p style=\"text-align: right;\">A. Ferenc<\/p>\n","protected":false},"excerpt":{"rendered":"<p>&nbsp; W dniu 18.10.2023 wybrali\u015bmy si\u0119 na kr\u00f3tk\u0105 wycieczk\u0119 do sklepu z materia\u0142ami budowlanymi i wyko\u0144czeniowymi \u201eMr\u00f3wka\u201d w Kosowie Lackim. Dzieci wr\u0119czy\u0142y podzi\u0119kowanie za zaanga\u017cowanie w Og\u00f3lnopolski Dzie\u0144 G\u0142o\u015bnego Czytania, i przys\u0142anie pana Mr\u00f3wki do przeczytania nam kilku ksi\u0105\u017ceczek. Przedszkolaki mia\u0142y okazj\u0119 \u00a0zwiedzi\u0107 sklep, zobaczy\u0107 produkty, kt\u00f3re mo\u017cna w nim kupi\u0107 oraz jak s\u0105 pouk\u0142adane&hellip; <br \/> <a class=\"read-more\" href=\"http:\/\/przedszkole.kosowlacki.pl\/wordpress\/wyjscie-do-sklepu-mrowka\/\">Read more<\/a><\/p>\n","protected":false},"author":9,"featured_media":0,"comment_status":"open","ping_status":"open","sticky":false,"template":"","format":"standard","meta":[],"categories":[10],"tags":[],"_links":{"self":[{"href":"http:\/\/przedszkole.kosowlacki.pl\/wordpress\/wp-json\/wp\/v2\/posts\/13782"}],"collection":[{"href":"http:\/\/przedszkole.kosowlacki.pl\/wordpress\/wp-json\/wp\/v2\/posts"}],"about":[{"href":"http:\/\/przedszkole.kosowlacki.pl\/wordpress\/wp-json\/wp\/v2\/types\/post"}],"author":[{"embeddable":true,"href":"http:\/\/przedszkole.kosowlacki.pl\/wordpress\/wp-json\/wp\/v2\/users\/9"}],"replies":[{"embeddable":true,"href":"http:\/\/przedszkole.kosowlacki.pl\/wordpress\/wp-json\/wp\/v2\/comments?post=13782"}],"version-history":[{"count":1,"href":"http:\/\/przedszkole.kosowlacki.pl\/wordpress\/wp-json\/wp\/v2\/posts\/13782\/revisions"}],"predecessor-version":[{"id":13783,"href":"http:\/\/przedszkole.kosowlacki.pl\/wordpress\/wp-json\/wp\/v2\/posts\/13782\/revisions\/13783"}],"wp:attachment":[{"href":"http:\/\/przedszkole.kosowlacki.pl\/wordpress\/wp-json\/wp\/v2\/media?parent=13782"}],"wp:term":[{"taxonomy":"category","embeddable":true,"href":"http:\/\/przedszkole.kosowlacki.pl\/wordpress\/wp-json\/wp\/v2\/categories?post=13782"},{"taxonomy":"post_tag","embeddable":true,"href":"http:\/\/przedszkole.kosowlacki.pl\/wordpress\/wp-json\/wp\/v2\/tags?post=13782"}],"curies":[{"name":"wp","href":"https:\/\/api.w.org\/{rel}","templated":true}]}}