{"id":13778,"date":"2023-10-18T08:46:21","date_gmt":"2023-10-18T06:46:21","guid":{"rendered":"http:\/\/przedszkole.kosowlacki.pl\/wordpress\/?p=13778"},"modified":"2023-10-18T10:02:25","modified_gmt":"2023-10-18T08:02:25","slug":"teatrzyk-w-przedszkolu-2","status":"publish","type":"post","link":"http:\/\/przedszkole.kosowlacki.pl\/wordpress\/teatrzyk-w-przedszkolu-2\/","title":{"rendered":"TEATRZYK W PRZEDSZKOLU"},"content":{"rendered":"<p style=\"margin-top: 15pt; background: white; text-align: center;\"><span style=\"font-size: 14.0pt;\">17 pa\u017adziernika Teatr Edukacji i Profilaktyki \u201eMaska\u201d z Krakowa po raz kolejny odwiedzi\u0142 nasze przedszkole. <\/span><\/p>\n<p style=\"margin-top: 15pt; background: white; text-align: center;\"><span style=\"font-size: 14.0pt;\">Tym razem aktorzy zaprezentowali spektakl pt. <strong>\u201eOpowie\u015bci z teczki Profesora Ksi\u0105\u017ceczki\u201d. <\/strong><\/span><\/p>\n<p style=\"margin-top: 15pt; background: white; text-align: center;\"><strong><span style=\"font-size: 14.0pt;\"><span style=\"background: white;\">Wydarzenie to zosta\u0142o zrealizowane we wsp\u00f3\u0142pracy z Miejsko-Gminn\u0105 Bibliotek\u0105 w Kosowie Lackim w ramach Narodowego Programu Rozwoju Czytelnictwa 2.0 na lata 2021-2025<\/span><\/span>.<\/strong><\/p>\n<p style=\"margin-top: 15pt; background: white; text-align: center;\"><span style=\"font-size: 14.0pt;\">Spektakl mia\u0142 na celu promocj\u0119 czytelnictwa oraz zach\u0119cenie najm\u0142odszych do regularnego odwiedzania biblioteki <\/span><span style=\"font-size: 14pt;\">i wypo\u017cyczania ksi\u0105\u017cek. Podczas przedstawienia dzieci pozna\u0142y Profesora Ksi\u0105\u017ceczk\u0119, kt\u00f3ry wprowadzi\u0142 ich w \u015bwiat wyobra\u017ani. Spektakl bardzo spodoba\u0142 si\u0119 m\u0142odym widzom, czego dowodem by\u0142y u\u015bmiechy na ich twarzach i ch\u0119\u0107 uczestniczenia we wsp\u00f3lnych zabawach. Mamy nadziej\u0119, \u017ce profesor Ksi\u0105\u017ceczka przekona\u0142 dzieci do czytania ksi\u0105\u017cek <\/span><span style=\"font-size: 14pt;\">i \u017ce b\u0119d\u0105 one cz\u0119stymi go\u015b\u0107mi biblioteki.<\/span><\/p>\n<p style=\"text-align: right;\">Ewa Ciesielska<\/p>\n","protected":false},"excerpt":{"rendered":"<p>17 pa\u017adziernika Teatr Edukacji i Profilaktyki \u201eMaska\u201d z Krakowa po raz kolejny odwiedzi\u0142 nasze przedszkole. Tym razem aktorzy zaprezentowali spektakl pt. \u201eOpowie\u015bci z teczki Profesora Ksi\u0105\u017ceczki\u201d. Wydarzenie to zosta\u0142o zrealizowane we wsp\u00f3\u0142pracy z Miejsko-Gminn\u0105 Bibliotek\u0105 w Kosowie Lackim w ramach Narodowego Programu Rozwoju Czytelnictwa 2.0 na lata 2021-2025. Spektakl mia\u0142 na celu promocj\u0119 czytelnictwa oraz&hellip; <br \/> <a class=\"read-more\" href=\"http:\/\/przedszkole.kosowlacki.pl\/wordpress\/teatrzyk-w-przedszkolu-2\/\">Read more<\/a><\/p>\n","protected":false},"author":8,"featured_media":0,"comment_status":"open","ping_status":"open","sticky":false,"template":"","format":"standard","meta":[],"categories":[10],"tags":[],"_links":{"self":[{"href":"http:\/\/przedszkole.kosowlacki.pl\/wordpress\/wp-json\/wp\/v2\/posts\/13778"}],"collection":[{"href":"http:\/\/przedszkole.kosowlacki.pl\/wordpress\/wp-json\/wp\/v2\/posts"}],"about":[{"href":"http:\/\/przedszkole.kosowlacki.pl\/wordpress\/wp-json\/wp\/v2\/types\/post"}],"author":[{"embeddable":true,"href":"http:\/\/przedszkole.kosowlacki.pl\/wordpress\/wp-json\/wp\/v2\/users\/8"}],"replies":[{"embeddable":true,"href":"http:\/\/przedszkole.kosowlacki.pl\/wordpress\/wp-json\/wp\/v2\/comments?post=13778"}],"version-history":[{"count":2,"href":"http:\/\/przedszkole.kosowlacki.pl\/wordpress\/wp-json\/wp\/v2\/posts\/13778\/revisions"}],"predecessor-version":[{"id":13781,"href":"http:\/\/przedszkole.kosowlacki.pl\/wordpress\/wp-json\/wp\/v2\/posts\/13778\/revisions\/13781"}],"wp:attachment":[{"href":"http:\/\/przedszkole.kosowlacki.pl\/wordpress\/wp-json\/wp\/v2\/media?parent=13778"}],"wp:term":[{"taxonomy":"category","embeddable":true,"href":"http:\/\/przedszkole.kosowlacki.pl\/wordpress\/wp-json\/wp\/v2\/categories?post=13778"},{"taxonomy":"post_tag","embeddable":true,"href":"http:\/\/przedszkole.kosowlacki.pl\/wordpress\/wp-json\/wp\/v2\/tags?post=13778"}],"curies":[{"name":"wp","href":"https:\/\/api.w.org\/{rel}","templated":true}]}}