{"id":13501,"date":"2023-09-28T18:53:53","date_gmt":"2023-09-28T16:53:53","guid":{"rendered":"http:\/\/przedszkole.kosowlacki.pl\/wordpress\/?p=13501"},"modified":"2023-09-28T18:53:53","modified_gmt":"2023-09-28T16:53:53","slug":"bezpieczny-przedszkolak-2","status":"publish","type":"post","link":"http:\/\/przedszkole.kosowlacki.pl\/wordpress\/bezpieczny-przedszkolak-2\/","title":{"rendered":"BEZPIECZNY PRZEDSZKOLAK"},"content":{"rendered":"<p style=\"text-align: center;\"><em><strong>\u201eKolorowe \u015bwiat\u0142a\u201d<\/strong><\/em><\/p>\n<p style=\"text-align: center;\"><em>Do przedszkola co dzie\u0144 rano<\/em><\/p>\n<p style=\"text-align: center;\"><em>id\u0119 przez ulice z mam\u0105.<\/em><\/p>\n<p style=\"text-align: center;\"><em>Droga wcale nie jest \u0142atwa,<\/em><\/p>\n<p style=\"text-align: center;\"><em>bo na skrzy\u017cowaniu \u015bwiat\u0142a.<\/em><\/p>\n<p style=\"text-align: center;\"><em>Czerwone \u015bwiat\u0142o st\u00f3j,<\/em><\/p>\n<p style=\"text-align: center;\"><em>zielone \u015bwiat\u0142o id\u017a,<\/em><\/p>\n<p style=\"text-align: center;\"><em>na \u017c\u00f3\u0142tym \u015bwietle<\/em><\/p>\n<p style=\"text-align: center;\"><em>zawsze czekaj tak ju\u017c musi by\u0107.<\/em><\/p>\n<p style=\"text-align: center;\">Od wielu lat realizujemy w naszym przedszkolu\u00a0 program BEZPIECZNY PRZEDSZKOLAK, w ramach kt\u00f3rego prowadzimy du\u017co zaj\u0119\u0107, zabaw i r\u00f3\u017cnych dzia\u0142a\u0144 ucz\u0105cych dzieci bezpiecznych zachowa\u0144, wychodz\u0105c z za\u0142o\u017cenia, \u017ce wiedzy i \u015bwiadomo\u015bci o zagro\u017ceniach nigdy do\u015b\u0107.<\/p>\n<p style=\"text-align: center;\">\u00a0W tym roku we wrze\u015bniu odby\u0142y si\u0119 zaj\u0119cia pod has\u0142em \u201e<strong>Moja droga do przedszkola\u201d<\/strong>, kt\u00f3rych celem jest u\u015bwiadomienie dzieciom konieczno\u015bci przestrzegania podstawowych zasad bezpiecze\u0144stwa w drodze do przedszkola.<\/p>\n<p style=\"text-align: center;\">\u00a0\u00a0W ci\u0105gu kilku dni przedszkolaki zapozna\u0142y si\u0119 z zasadami bezpiecznego poruszania si\u0119 po chodniku, przej\u015bcia przez jezdni\u0119 po pasach, a tak\u017ce utrwali\u0142y znajomo\u015b\u0107 sygnalizacji \u015bwietlnej, znak\u00f3w drogowych w pobli\u017cu przedszkola, a tak\u017ce numer\u00f3w alarmowych.<\/p>\n<p style=\"text-align: center;\">\u00a0\u00a0\u00a0\u00a0\u00a0\u00a0\u00a0\u00a0\u00a0\u00a0\u00a0\u00a0\u00a0\u00a0\u00a0 Podczas rozm\u00f3w, zabaw ruchowych i innych sytuacji edukacyjnych dzieci mog\u0142y wykaza\u0107 si\u0119 wiedz\u0105, umiej\u0119tno\u015bciami oraz poszerzy\u0107 swoje zainteresowania zasadami ruchu drogowego.<\/p>\n<p style=\"text-align: right;\">E. Ciesielska<\/p>\n<p>&nbsp;<\/p>\n<p>&nbsp;<\/p>\n","protected":false},"excerpt":{"rendered":"<p>\u201eKolorowe \u015bwiat\u0142a\u201d Do przedszkola co dzie\u0144 rano id\u0119 przez ulice z mam\u0105. Droga wcale nie jest \u0142atwa, bo na skrzy\u017cowaniu \u015bwiat\u0142a. Czerwone \u015bwiat\u0142o st\u00f3j, zielone \u015bwiat\u0142o id\u017a, na \u017c\u00f3\u0142tym \u015bwietle zawsze czekaj tak ju\u017c musi by\u0107. Od wielu lat realizujemy w naszym przedszkolu\u00a0 program BEZPIECZNY PRZEDSZKOLAK, w ramach kt\u00f3rego prowadzimy du\u017co zaj\u0119\u0107, zabaw i r\u00f3\u017cnych&hellip; <br \/> <a class=\"read-more\" href=\"http:\/\/przedszkole.kosowlacki.pl\/wordpress\/bezpieczny-przedszkolak-2\/\">Read more<\/a><\/p>\n","protected":false},"author":8,"featured_media":0,"comment_status":"open","ping_status":"open","sticky":false,"template":"","format":"standard","meta":[],"categories":[10],"tags":[],"_links":{"self":[{"href":"http:\/\/przedszkole.kosowlacki.pl\/wordpress\/wp-json\/wp\/v2\/posts\/13501"}],"collection":[{"href":"http:\/\/przedszkole.kosowlacki.pl\/wordpress\/wp-json\/wp\/v2\/posts"}],"about":[{"href":"http:\/\/przedszkole.kosowlacki.pl\/wordpress\/wp-json\/wp\/v2\/types\/post"}],"author":[{"embeddable":true,"href":"http:\/\/przedszkole.kosowlacki.pl\/wordpress\/wp-json\/wp\/v2\/users\/8"}],"replies":[{"embeddable":true,"href":"http:\/\/przedszkole.kosowlacki.pl\/wordpress\/wp-json\/wp\/v2\/comments?post=13501"}],"version-history":[{"count":1,"href":"http:\/\/przedszkole.kosowlacki.pl\/wordpress\/wp-json\/wp\/v2\/posts\/13501\/revisions"}],"predecessor-version":[{"id":13502,"href":"http:\/\/przedszkole.kosowlacki.pl\/wordpress\/wp-json\/wp\/v2\/posts\/13501\/revisions\/13502"}],"wp:attachment":[{"href":"http:\/\/przedszkole.kosowlacki.pl\/wordpress\/wp-json\/wp\/v2\/media?parent=13501"}],"wp:term":[{"taxonomy":"category","embeddable":true,"href":"http:\/\/przedszkole.kosowlacki.pl\/wordpress\/wp-json\/wp\/v2\/categories?post=13501"},{"taxonomy":"post_tag","embeddable":true,"href":"http:\/\/przedszkole.kosowlacki.pl\/wordpress\/wp-json\/wp\/v2\/tags?post=13501"}],"curies":[{"name":"wp","href":"https:\/\/api.w.org\/{rel}","templated":true}]}}