{"id":13498,"date":"2023-09-28T13:35:46","date_gmt":"2023-09-28T11:35:46","guid":{"rendered":"http:\/\/przedszkole.kosowlacki.pl\/wordpress\/?p=13498"},"modified":"2023-09-28T13:36:30","modified_gmt":"2023-09-28T11:36:30","slug":"na-ratunek","status":"publish","type":"post","link":"http:\/\/przedszkole.kosowlacki.pl\/wordpress\/na-ratunek\/","title":{"rendered":"NA RATUNEK!"},"content":{"rendered":"<p style=\"text-align: center;\">\u201eJa, od dzisiaj obiecuj\u0119, \u017ce ka\u017cdego w potrzebie uratuj\u0119!\u201d<\/p>\n<p style=\"text-align: center;\">W naszym przedszkolu zosta\u0142y zorganizowane zaj\u0119cia warsztatowe, przygotowuj\u0105ce do udzielania pierwszej pomocy przedmedycznej. Spotkanie poprowadzi\u0142a pani psycholog \u2013 Monika, kt\u00f3ra jest r\u00f3wnie\u017c ratownikiem medycznym.<\/p>\n<p style=\"text-align: center;\">Dzieci kszta\u0142towa\u0142y umiej\u0119tno\u015b\u0107 radzenia sobie w sytuacjach zagra\u017caj\u0105cych zdrowiu i \u017cyciu. Zdoby\u0142y wiedz\u0119 dotycz\u0105c\u0105 udzielania pierwszej pomocy. Przypomnia\u0142y sobie spos\u00f3b powiadamiania s\u0142u\u017cb ratunkowych o wypadku lub innym zdarzeniu wraz z numerami alarmowymi. \u0106wiczy\u0142y wykonywanie prostych czynno\u015bci zwi\u0105zanych z opatrywaniem ran, uk\u0142adaniem w pozycji bocznej ustalonej z wykorzystaniem fantomu oraz dzieci w roli poszkodowanych. Na zako\u0144czenie zaj\u0119\u0107 wszyscy uczestnicy zostali pasowani na \u201eMa\u0142ych Ratownik\u00f3w\u201d.<\/p>\n<p style=\"text-align: right;\">E. Skorupka<\/p>\n","protected":false},"excerpt":{"rendered":"<p>\u201eJa, od dzisiaj obiecuj\u0119, \u017ce ka\u017cdego w potrzebie uratuj\u0119!\u201d W naszym przedszkolu zosta\u0142y zorganizowane zaj\u0119cia warsztatowe, przygotowuj\u0105ce do udzielania pierwszej pomocy przedmedycznej. Spotkanie poprowadzi\u0142a pani psycholog \u2013 Monika, kt\u00f3ra jest r\u00f3wnie\u017c ratownikiem medycznym. Dzieci kszta\u0142towa\u0142y umiej\u0119tno\u015b\u0107 radzenia sobie w sytuacjach zagra\u017caj\u0105cych zdrowiu i \u017cyciu. Zdoby\u0142y wiedz\u0119 dotycz\u0105c\u0105 udzielania pierwszej pomocy. Przypomnia\u0142y sobie spos\u00f3b powiadamiania s\u0142u\u017cb&hellip; <br \/> <a class=\"read-more\" href=\"http:\/\/przedszkole.kosowlacki.pl\/wordpress\/na-ratunek\/\">Read more<\/a><\/p>\n","protected":false},"author":8,"featured_media":0,"comment_status":"open","ping_status":"open","sticky":false,"template":"","format":"standard","meta":[],"categories":[10],"tags":[],"_links":{"self":[{"href":"http:\/\/przedszkole.kosowlacki.pl\/wordpress\/wp-json\/wp\/v2\/posts\/13498"}],"collection":[{"href":"http:\/\/przedszkole.kosowlacki.pl\/wordpress\/wp-json\/wp\/v2\/posts"}],"about":[{"href":"http:\/\/przedszkole.kosowlacki.pl\/wordpress\/wp-json\/wp\/v2\/types\/post"}],"author":[{"embeddable":true,"href":"http:\/\/przedszkole.kosowlacki.pl\/wordpress\/wp-json\/wp\/v2\/users\/8"}],"replies":[{"embeddable":true,"href":"http:\/\/przedszkole.kosowlacki.pl\/wordpress\/wp-json\/wp\/v2\/comments?post=13498"}],"version-history":[{"count":2,"href":"http:\/\/przedszkole.kosowlacki.pl\/wordpress\/wp-json\/wp\/v2\/posts\/13498\/revisions"}],"predecessor-version":[{"id":13500,"href":"http:\/\/przedszkole.kosowlacki.pl\/wordpress\/wp-json\/wp\/v2\/posts\/13498\/revisions\/13500"}],"wp:attachment":[{"href":"http:\/\/przedszkole.kosowlacki.pl\/wordpress\/wp-json\/wp\/v2\/media?parent=13498"}],"wp:term":[{"taxonomy":"category","embeddable":true,"href":"http:\/\/przedszkole.kosowlacki.pl\/wordpress\/wp-json\/wp\/v2\/categories?post=13498"},{"taxonomy":"post_tag","embeddable":true,"href":"http:\/\/przedszkole.kosowlacki.pl\/wordpress\/wp-json\/wp\/v2\/tags?post=13498"}],"curies":[{"name":"wp","href":"https:\/\/api.w.org\/{rel}","templated":true}]}}