{"id":13495,"date":"2023-09-28T12:47:02","date_gmt":"2023-09-28T10:47:02","guid":{"rendered":"http:\/\/przedszkole.kosowlacki.pl\/wordpress\/?p=13495"},"modified":"2023-09-28T12:47:02","modified_gmt":"2023-09-28T10:47:02","slug":"kampania-wybieraj-bezpieczna-zywnosc","status":"publish","type":"post","link":"http:\/\/przedszkole.kosowlacki.pl\/wordpress\/kampania-wybieraj-bezpieczna-zywnosc\/","title":{"rendered":"Kampania \u201eWybieraj bezpieczn\u0105 \u017cywno\u015b\u0107\u201d"},"content":{"rendered":"<p class=\"western\" align=\"center\"><span style=\"font-family: Calibri, serif;\"><span style=\"font-size: small;\"> <span style=\"font-family: Times New Roman, serif;\"><span style=\"font-size: medium;\"> OZiPZ.966.2.16.3.2023\u00a0\u00a0\u00a0\u00a0\u00a0\u00a0\u00a0\u00a0\u00a0\u00a0\u00a0\u00a0\u00a0\u00a0\u00a0\u00a0\u00a0\u00a0\u00a0\u00a0\u00a0\u00a0\u00a0\u00a0\u00a0\u00a0\u00a0\u00a0\u00a0\u00a0\u00a0\u00a0\u00a0\u00a0\u00a0\u00a0\u00a0\u00a0\u00a0\u00a0\u00a0\u00a0\u00a0\u00a0\u00a0\u00a0\u00a0\u00a0\u00a0\u00a0\u00a0\u00a0\u00a0\u00a0\u00a0\u00a0\u00a0\u00a0\u00a0\u00a0\u00a0\u00a0\u00a0\u00a0\u00a0\u00a0\u00a0\u00a0\u00a0\u00a0\u00a0\u00a0\u00a0\u00a0\u00a0\u00a0\u00a0\u00a0\u00a0\u00a0\u00a0\u00a0\u00a0\u00a0\u00a0\u00a0\u00a0\u00a0\u00a0\u00a0\u00a0\u00a0\u00a0\u00a0\u00a0\u00a0\u00a0\u00a0\u00a0\u00a0\u00a0\u00a0\u00a0\u00a0\u00a0\u00a0\u00a0\u00a0\u00a0\u00a0\u00a0\u00a0\u00a0\u00a0\u00a0\u00a0\u00a0\u00a0\u00a0\u00a0\u00a0\u00a0\u00a0\u00a0\u00a0\u00a0\u00a0\u00a0\u00a0\u00a0\u00a0\u00a0\u00a0\u00a0\u00a0 Soko\u0142\u00f3w Podlaski, dnia 12.09.2023 r.<\/span><\/span><\/span><\/span><\/p>\n<p class=\"western\" align=\"left\"><span style=\"font-family: Calibri, serif;\"><span style=\"font-size: small;\"><span style=\"font-family: Times New Roman, serif;\"><span style=\"font-size: medium;\">\u00a0<\/span><\/span><\/span><\/span><\/p>\n<p class=\"western\" align=\"left\"><span style=\"font-family: Calibri, serif;\"><span style=\"font-size: small;\"><br \/>\n<\/span><\/span><\/p>\n<p class=\"western\" align=\"center\"><span style=\"font-family: Calibri, serif;\"><span style=\"font-size: small;\"><span style=\"font-family: Times New Roman, serif;\"><span style=\"font-size: medium;\"><b> Dyrektorzy przedszkoli i szk\u00f3\u0142 podstawowych<\/b><\/span><\/span><\/span><\/span><\/p>\n<p class=\"western\" align=\"left\"><span style=\"font-family: Calibri, serif;\"><span style=\"font-size: small;\"><span style=\"font-family: Times New Roman, serif;\"><span style=\"font-size: medium;\"><b>\u00a0\u00a0\u00a0\u00a0\u00a0\u00a0\u00a0\u00a0\u00a0\u00a0\u00a0\u00a0\u00a0\u00a0\u00a0\u00a0\u00a0\u00a0\u00a0\u00a0\u00a0\u00a0\u00a0\u00a0\u00a0\u00a0\u00a0\u00a0\u00a0\u00a0\u00a0\u00a0\u00a0\u00a0\u00a0\u00a0\u00a0\u00a0\u00a0\u00a0\u00a0\u00a0\u00a0\u00a0\u00a0\u00a0\u00a0\u00a0\u00a0\u00a0\u00a0\u00a0\u00a0\u00a0\u00a0\u00a0\u00a0\u00a0\u00a0\u00a0\u00a0\u00a0\u00a0\u00a0\u00a0\u00a0\u00a0\u00a0\u00a0\u00a0\u00a0\u00a0\u00a0\u00a0\u00a0\u00a0\u00a0\u00a0\u00a0\u00a0\u00a0\u00a0\u00a0\u00a0\u00a0\u00a0\u00a0\u00a0\u00a0\u00a0\u00a0\u00a0\u00a0\u00a0\u00a0\u00a0\u00a0\u00a0\u00a0 z terenu powiatu soko\u0142owskiego<\/b><\/span><\/span><\/span><\/span><\/p>\n<p class=\"western\" align=\"justify\"><span style=\"font-family: Calibri, serif;\"><span style=\"font-size: small;\"><span style=\"font-family: Times New Roman, serif;\"><span style=\"font-size: medium;\">Pa\u0144stwowy Powiatowy Inspektor Sanitarny w Soko\u0142owie Podlaskim informuje, \u017ce G\u0142\u00f3wny Inspektorat Sanitarny, widz\u0105c potrzeb\u0119 podnoszenia wiedzy spo\u0142ecze\u0144stwa w zakresie bezpiecze\u0144stwa \u017cywno\u015bci zwraca si\u0119 z pro\u015bb\u0105 o w\u0142\u0105czenie si\u0119 do trwaj\u0105cej Kampanii Europejskiego Urz\u0119du ds. Bezpiecze\u0144stwa \u017bywno\u015bci \u201eWybieraj bezpieczn\u0105 \u017cywno\u015b\u0107\u201d. <\/span><\/span><span style=\"font-family: Times New Roman, serif;\"><span style=\"font-size: medium;\">W roku 2023 kampania obejmie zasi\u0119giem a\u017c 16 kraj\u00f3w.<\/span><\/span><\/span><\/span><\/p>\n<p class=\"western\" align=\"justify\"><span style=\"font-family: Calibri, serif;\"><span style=\"font-size: small;\"><span style=\"font-family: Times New Roman, serif;\"><span style=\"font-size: medium;\">Celem kampanii #EUChooseSafeFood jest wspieranie mieszka\u0144c\u00f3w i mieszkanek Europy w podejmowaniu \u015bwiadomych decyzji dotycz\u0105cych zakupu \u017cywno\u015bci. Dzi\u0119ki niej konsumenci maj\u0105 dost\u0119p do praktycznych i przyst\u0119pnych informacji dotycz\u0105cych zagadnie\u0144 takich jak pomoc w odczytywaniu etykiet umieszczonych na produktach spo\u017cywczych czy te\u017c porad na temat przygotowywania i przechowywania \u017cywno\u015bci. Kampania obejmuje szereg zagadnie\u0144 zwi\u0105zanych z \u017cywno\u015bci\u0105 i jej bezpiecze\u0144stwem. <\/span><\/span><\/span><\/span><\/p>\n<p class=\"western\" align=\"justify\"><span style=\"font-family: Calibri, serif;\"><span style=\"font-size: small;\"><span style=\"font-family: Times New Roman, serif;\"><span style=\"font-size: medium;\"> Adresatami kampanii s\u0105 przede wszystkim mieszka\u0144cy i mieszkanki Europy w wieku od 25 do 45 lat, w szczeg\u00f3lno\u015bci m\u0142odzi rodzice oraz osoby zainteresowane bezpiecze\u0144stwem \u017cywno\u015bci i nauk\u0105.<\/span><\/span><\/span><\/span><\/p>\n<p class=\"western\" align=\"justify\"><span style=\"font-family: Calibri, serif;\"><span style=\"font-size: small;\"><span style=\"font-family: Times New Roman, serif;\"><span style=\"font-size: medium;\">Informacje na temat kampanii dost\u0119pne s\u0105 na stronie :<\/span><\/span><\/span><\/span><\/p>\n<p class=\"western\" align=\"justify\"><span style=\"font-family: Calibri, serif;\"><span style=\"font-size: small;\"><span style=\"color: #0563c1;\"><u><a href=\"https:\/\/campaigns.efsa.europa.eu\/EUChooseSafeFood\/#\/index-pl\"><span style=\"font-family: Times New Roman, serif;\"><span style=\"font-size: medium;\">https:\/\/campaigns.efsa.europa.eu\/EUChooseSafeFood\/#\/index-pl<\/span><\/span><\/a><\/u><\/span><span style=\"font-family: Times New Roman, serif;\"><span style=\"font-size: medium;\">.<\/span><\/span><\/span><\/span><\/p>\n<p class=\"western\" align=\"justify\"><span style=\"font-family: Calibri, serif;\"><span style=\"font-size: small;\"><span style=\"font-family: Times New Roman, serif;\"><span style=\"font-size: medium;\"> W zwi\u0105zku z powy\u017cszym zwracam si\u0119 z pro\u015bb\u0105 o przekazanie informacji na temat kampanii rodzicom i opiekunom dzieci i uczni\u00f3w za po\u015brednictwem dziennik\u00f3w elektronicznych lub podczas spotka\u0144 na zebraniach z rodzicami.<\/span><\/span><\/span><\/span><\/p>\n<p class=\"western\" align=\"justify\"><a name=\"_Hlk145407165\"><\/a> <span style=\"font-family: Calibri, serif;\"><span style=\"font-size: small;\"><span style=\"font-family: Times New Roman, serif;\"><span style=\"font-size: medium;\"> Jednocze\u015bnie Pa\u0144stwowy Powiatowy Inspektor Sanitarny w Soko\u0142owie Podlaskim zobowi\u0105zuje do przes\u0142ania informacji zwrotnej do dnia 28.09.2023 na adres <\/span><\/span><span style=\"color: #0563c1;\"><u><span style=\"font-family: Times New Roman, serif;\"><span style=\"font-size: medium;\"><a href=\"mailto:ozipz.psse.sokolow@sanepid.gov.pl\">ozipz.psse.sokolow@sanepid.gov.pl<\/a> <\/span><\/span><\/u><\/span><span style=\"font-family: Times New Roman, serif;\"><span style=\"font-size: medium;\">o sposobie przekazania informacji przez przedszkole lub szko\u0142\u0119 rodzicom i opiekunom dzieci i uczni\u00f3w oraz o liczbie rodzic\u00f3w do kt\u00f3rych zosta\u0142a przekazana informacja.<\/span><\/span><\/span><\/span><\/p>\n<p class=\"western\" align=\"justify\">\n<p class=\"western\" style=\"text-align: right;\" align=\"justify\"><span style=\"font-family: Calibri, serif;\"><span style=\"font-size: small;\"> <span style=\"font-family: Times New Roman, serif;\">Podpisa\u0142:<\/span><\/span><\/span><\/p>\n<p class=\"western\" style=\"text-align: right;\" align=\"justify\"><span style=\"font-family: Calibri, serif;\"><span style=\"font-size: small;\"><span style=\"font-family: Times New Roman, serif;\"> Pa\u0144stwowy Powiatowy<\/span><\/span><\/span><\/p>\n<p class=\"western\" style=\"text-align: right;\" align=\"justify\"><span style=\"font-family: Calibri, serif;\"><span style=\"font-size: small;\"><span style=\"font-family: Times New Roman, serif;\"> Inspektor Sanitarny<\/span><\/span><\/span><\/p>\n<p class=\"western\" style=\"text-align: right;\" align=\"justify\"><span style=\"font-family: Calibri, serif;\"><span style=\"font-size: small;\"><span style=\"font-family: Times New Roman, serif;\"> w Soko\u0142owie Podlaskim<\/span><\/span><\/span><\/p>\n<p class=\"western\" style=\"text-align: right;\" align=\"justify\"><span style=\"font-family: Calibri, serif;\"><span style=\"font-size: small;\"><span style=\"font-family: Times New Roman, serif;\"> Marzenna Hardej<\/span><\/span><\/span><\/p>\n","protected":false},"excerpt":{"rendered":"<p>OZiPZ.966.2.16.3.2023\u00a0\u00a0\u00a0\u00a0\u00a0\u00a0\u00a0\u00a0\u00a0\u00a0\u00a0\u00a0\u00a0\u00a0\u00a0\u00a0\u00a0\u00a0\u00a0\u00a0\u00a0\u00a0\u00a0\u00a0\u00a0\u00a0\u00a0\u00a0\u00a0\u00a0\u00a0\u00a0\u00a0\u00a0\u00a0\u00a0\u00a0\u00a0\u00a0\u00a0\u00a0\u00a0\u00a0\u00a0\u00a0\u00a0\u00a0\u00a0\u00a0\u00a0\u00a0\u00a0\u00a0\u00a0\u00a0\u00a0\u00a0\u00a0\u00a0\u00a0\u00a0\u00a0\u00a0\u00a0\u00a0\u00a0\u00a0\u00a0\u00a0\u00a0\u00a0\u00a0\u00a0\u00a0\u00a0\u00a0\u00a0\u00a0\u00a0\u00a0\u00a0\u00a0\u00a0\u00a0\u00a0\u00a0\u00a0\u00a0\u00a0\u00a0\u00a0\u00a0\u00a0\u00a0\u00a0\u00a0\u00a0\u00a0\u00a0\u00a0\u00a0\u00a0\u00a0\u00a0\u00a0\u00a0\u00a0\u00a0\u00a0\u00a0\u00a0\u00a0\u00a0\u00a0\u00a0\u00a0\u00a0\u00a0\u00a0\u00a0\u00a0\u00a0\u00a0\u00a0\u00a0\u00a0\u00a0\u00a0\u00a0\u00a0\u00a0\u00a0\u00a0\u00a0\u00a0 Soko\u0142\u00f3w Podlaski, dnia 12.09.2023 r. \u00a0 Dyrektorzy przedszkoli i szk\u00f3\u0142 podstawowych \u00a0\u00a0\u00a0\u00a0\u00a0\u00a0\u00a0\u00a0\u00a0\u00a0\u00a0\u00a0\u00a0\u00a0\u00a0\u00a0\u00a0\u00a0\u00a0\u00a0\u00a0\u00a0\u00a0\u00a0\u00a0\u00a0\u00a0\u00a0\u00a0\u00a0\u00a0\u00a0\u00a0\u00a0\u00a0\u00a0\u00a0\u00a0\u00a0\u00a0\u00a0\u00a0\u00a0\u00a0\u00a0\u00a0\u00a0\u00a0\u00a0\u00a0\u00a0\u00a0\u00a0\u00a0\u00a0\u00a0\u00a0\u00a0\u00a0\u00a0\u00a0\u00a0\u00a0\u00a0\u00a0\u00a0\u00a0\u00a0\u00a0\u00a0\u00a0\u00a0\u00a0\u00a0\u00a0\u00a0\u00a0\u00a0\u00a0\u00a0\u00a0\u00a0\u00a0\u00a0\u00a0\u00a0\u00a0\u00a0\u00a0\u00a0\u00a0\u00a0\u00a0\u00a0\u00a0\u00a0\u00a0\u00a0\u00a0 z terenu powiatu soko\u0142owskiego Pa\u0144stwowy Powiatowy Inspektor Sanitarny w Soko\u0142owie Podlaskim informuje, \u017ce G\u0142\u00f3wny Inspektorat Sanitarny, widz\u0105c potrzeb\u0119 podnoszenia wiedzy spo\u0142ecze\u0144stwa w zakresie bezpiecze\u0144stwa \u017cywno\u015bci zwraca si\u0119 z pro\u015bb\u0105 o w\u0142\u0105czenie si\u0119 do trwaj\u0105cej Kampanii Europejskiego Urz\u0119du ds. Bezpiecze\u0144stwa \u017bywno\u015bci \u201eWybieraj bezpieczn\u0105&hellip; <br \/> <a class=\"read-more\" href=\"http:\/\/przedszkole.kosowlacki.pl\/wordpress\/kampania-wybieraj-bezpieczna-zywnosc\/\">Read more<\/a><\/p>\n","protected":false},"author":2,"featured_media":0,"comment_status":"open","ping_status":"open","sticky":false,"template":"","format":"standard","meta":[],"categories":[11],"tags":[],"_links":{"self":[{"href":"http:\/\/przedszkole.kosowlacki.pl\/wordpress\/wp-json\/wp\/v2\/posts\/13495"}],"collection":[{"href":"http:\/\/przedszkole.kosowlacki.pl\/wordpress\/wp-json\/wp\/v2\/posts"}],"about":[{"href":"http:\/\/przedszkole.kosowlacki.pl\/wordpress\/wp-json\/wp\/v2\/types\/post"}],"author":[{"embeddable":true,"href":"http:\/\/przedszkole.kosowlacki.pl\/wordpress\/wp-json\/wp\/v2\/users\/2"}],"replies":[{"embeddable":true,"href":"http:\/\/przedszkole.kosowlacki.pl\/wordpress\/wp-json\/wp\/v2\/comments?post=13495"}],"version-history":[{"count":1,"href":"http:\/\/przedszkole.kosowlacki.pl\/wordpress\/wp-json\/wp\/v2\/posts\/13495\/revisions"}],"predecessor-version":[{"id":13496,"href":"http:\/\/przedszkole.kosowlacki.pl\/wordpress\/wp-json\/wp\/v2\/posts\/13495\/revisions\/13496"}],"wp:attachment":[{"href":"http:\/\/przedszkole.kosowlacki.pl\/wordpress\/wp-json\/wp\/v2\/media?parent=13495"}],"wp:term":[{"taxonomy":"category","embeddable":true,"href":"http:\/\/przedszkole.kosowlacki.pl\/wordpress\/wp-json\/wp\/v2\/categories?post=13495"},{"taxonomy":"post_tag","embeddable":true,"href":"http:\/\/przedszkole.kosowlacki.pl\/wordpress\/wp-json\/wp\/v2\/tags?post=13495"}],"curies":[{"name":"wp","href":"https:\/\/api.w.org\/{rel}","templated":true}]}}