{"id":13323,"date":"2023-09-22T12:54:05","date_gmt":"2023-09-22T10:54:05","guid":{"rendered":"http:\/\/przedszkole.kosowlacki.pl\/wordpress\/?p=13323"},"modified":"2023-09-22T12:54:05","modified_gmt":"2023-09-22T10:54:05","slug":"zamierzenia-na-wrzesien-3","status":"publish","type":"post","link":"http:\/\/przedszkole.kosowlacki.pl\/wordpress\/zamierzenia-na-wrzesien-3\/","title":{"rendered":"Zamierzenia na wrzesie\u0144"},"content":{"rendered":"<h1 style=\"text-align: center;\"><span style=\"color: #00ff00;\">3 LATKI<\/span><\/h1>\n<h3><span style=\"color: #ff00ff;\">I. W przedszkolu<\/span><\/h3>\n<h3>&#8211; rozwijanie mowy<\/h3>\n<h3>&#8211; rozwijanie koncentracji uwagi<\/h3>\n<h3>&#8211; por\u00f3wnywanie liczebno\u015bci zbior\u00f3w<\/h3>\n<h3>&#8211; poznawanie zasad panuj\u0105cych w przedszkolu<\/h3>\n<h3>&#8211; ilustrowanie piosenki ruchem<\/h3>\n<h3>&#8211; rozwijanie poczucia rytmu<\/h3>\n<h3>&#8211; rozwijanie sprawno\u015bci fizycznej<\/h3>\n<h3>&#8211; rozwijanie sprawno\u015bci manualnej<\/h3>\n<h3>&#8211; dbanie o porz\u0105dek wok\u00f3\u0142 siebie<\/h3>\n<h3><span style=\"color: #ff00ff;\">II. Oto ja<\/span><\/h3>\n<h3>&#8211; utrwalanie informacji o sobie<\/h3>\n<h3>&#8211; rozwijanie mowy<\/h3>\n<h3>&#8211; rozwijanie orientacji w schemacie w\u0142asnego cia\u0142a<\/h3>\n<h3>&#8211; poznawanie nazw cz\u0119\u015bci cia\u0142a<\/h3>\n<h3>&#8211; ilustrowanie piosenki ruchem<\/h3>\n<h3>&#8211; rozwijanie umiej\u0119tno\u015bci tworzenia ko\u0142a<\/h3>\n<h3>&#8211; rozwijanie sprawno\u015bci fizycznej<\/h3>\n<h3>&#8211; rozwijanie umiej\u0119tno\u015bci \u0142\u0105czenia ruchu z muzyk\u0105<\/h3>\n<h3><span style=\"color: #ff00ff;\">III. Moja droga do przedszkola<\/span><\/h3>\n<h3>&#8211; zapoznanie z zasadami bezpiecznego przechodzenia przez przej\u015bcie dla pieszych<\/h3>\n<h3>&#8211; rozwijanie mowy<\/h3>\n<h3>&#8211; rozwijanie umiej\u0119tno\u015bci rozpoznawania ko\u0142a w\u015br\u00f3d innych figur<\/h3>\n<h3>&#8211; rozwijanie koordynacji s\u0142uchowo- ruchowej<\/h3>\n<h3>&#8211; doskonalenie dykcji i artykulacji<\/h3>\n<h3>&#8211; rozwijanie sprawno\u015bci fizycznej<\/h3>\n<h3>&#8211; rozwijanie znaczenia pierwszej pomocy<\/h3>\n<h3>&#8211; rozwijanie sprawno\u015bci manualnej<\/h3>\n<h3><span style=\"color: #ff00ff;\">IV. Jesie\u0144 w parku, w lesie<\/span><\/h3>\n<h3>&#8211; rozwijanie koncentracji uwagi<\/h3>\n<h3>&#8211; rozwijanie mowy<\/h3>\n<h3>&#8211; przeliczanie element\u00f3w, dostrzeganie rytmu i kontynuowanie go<\/h3>\n<h3>&#8211; rozbudzanie zainteresowa\u0144 przyrodniczych<\/h3>\n<h3>&#8211; rozwijanie koordynacji s\u0142uchowo \u2013 ruchowej<\/h3>\n<h3>&#8211; rozwijanie poczucia rytmu<\/h3>\n<h3>&#8211; rozwijanie sprawno\u015bci fizycznej<\/h3>\n<h3>&#8211; rozwijanie umiej\u0119tno\u015bci \u0142\u0105czenia ruchu z muzyk\u0105<\/h3>\n<h3>&#8211; rozwijanie sprawno\u015bci manualnej<\/h3>\n<h3>&#8211; dbanie o porz\u0105dek<\/h3>\n<h3 align=\"center\"><span style=\"color: #00ff00;\">Piosenka do utrwalenia<\/span><\/h3>\n<h3 align=\"center\"><span style=\"color: #ff00ff;\">,,Maszeruje ma\u0142a Ania\u201d<\/span><\/h3>\n<h3 align=\"center\">1. Maszeruje ma\u0142a Ania<br \/>\nrazem z rodzicami,<br \/>\ng\u0142o\u015bno \u015bpiewa im piosenk\u0119<br \/>\nz wiatrem i ptakami.<\/p>\n<p>Ref. La la la \u015bpiewaj te\u017c,<br \/>\nla la la je\u015bli chcesz.<\/p>\n<p>2. Opowiada o przedszkolu<br \/>\ni o mi\u0142ej pani,<br \/>\no zabawkach i o swojej<br \/>\nprzyjaci\u00f3\u0142ce Hani.<\/p>\n<p>Ref. La la la \u015bpiewaj te\u017c,<br \/>\nla la la je\u015bli chcesz.<\/h3>\n<h1 style=\"text-align: center;\"><span style=\"color: #ff0000;\">4 LATKI<\/span><\/h1>\n<h3 align=\"left\"><span style=\"color: #99cc00;\">I. W przedszkolu:<\/span><\/h3>\n<h3 align=\"left\">&#8211; rozwijanie umiej\u0119tno\u015bci liczenia, zapoznanie z zasadami panuj\u0105cymi w przedszkolu<\/h3>\n<h3 align=\"left\">&#8211; rozwijanie mowy, zach\u0119canie do udzia\u0142u w aktywnym s\u0142uchaniu opowiadania<\/h3>\n<h3 align=\"left\">&#8211; rozwijanie koordynacji s\u0142uchowo- ruchowej<\/h3>\n<h3 align=\"left\">&#8211; kszta\u0142towanie prawid\u0142owej postawy, rozwijanie sprawno\u015bci fizycznej<\/h3>\n<h3 align=\"left\">&#8211; rozwijanie sprawno\u015bci manualnej, rozwijanie zainteresowa\u0144 zabawami badawczymi<\/h3>\n<h3 align=\"left\"><span style=\"color: #99cc00;\">II. Oto ja:<\/span><\/h3>\n<h3 align=\"left\">&#8211; rozwijanie mowy, rozwijanie sprawno\u015bci manualnej<\/h3>\n<h3 align=\"left\">&#8211; rozwijanie orientacji w schemacie w\u0142asnego cia\u0142a, poznawanie nazw cz\u0119\u015bci cia\u0142a<\/h3>\n<h3 align=\"left\">&#8211; ilustrowanie piosenki ruchem, usprawnianie aparatu artykulacyjnego<\/h3>\n<h3 align=\"left\">&#8211; wyrabianie umiej\u0119tno\u015bci \u0142\u0105czenia ruchu z muzyk\u0105<\/h3>\n<h3 align=\"left\">&#8211; rozwijanie sprawno\u015bci manualnej, dbanie o czysto\u015b\u0107 na stanowisku pracy<\/h3>\n<h3><span style=\"color: #99cc00;\">III. Moja droga do przedszkola:<\/span><\/h3>\n<h3>&#8211; rozwijanie mowy, przestrzeganie zasad bezpiecze\u0144stwa ruchu drogowego<\/h3>\n<h3>&#8211; rozwijanie umiej\u0119tno\u015bci rozpoznawania ko\u0142a w\u015br\u00f3d innych figur, rozwijanie umiej\u0119tno\u015bci uk\u0142adania rytm\u00f3w<\/h3>\n<h3>&#8211; doskonalenie techniki ruchu, nawi\u0105zywanie relacji r\u00f3wie\u015bniczych<\/h3>\n<h3>&#8211; rozwijanie sprawno\u015bci ruchowej, kszta\u0142towanie odruchu prawid\u0142owej postawy<\/h3>\n<h3>&#8211; poznawanie znaczenia udzielania pierwszej pomocy, rozwijanie sprawno\u015bci manualnej<\/h3>\n<h3><span style=\"color: #99cc00;\">IV. Jesie\u0144 w parku, w lesie:<\/span><\/h3>\n<h3>&#8211; rozwijanie mowy, zach\u0119canie do udzia\u0142u w aktywnym s\u0142uchaniu opowiadania<\/h3>\n<h3>&#8211; rozwijanie umiej\u0119tno\u015bci liczenia, rozwijanie zainteresowa\u0144 czytelniczych<\/h3>\n<h3>&#8211; rozwijanie poczucia rytmu, rozwijanie koordynacji s\u0142uchowo- ruchowej<\/h3>\n<h3>&#8211; kszta\u0142towanie prawid\u0142owej postawy, rozwijanie sprawno\u015bci fizycznej<\/h3>\n<h3>&#8211; rozwijanie sprawno\u015bci manualnej, rozwijanie zainteresowa\u0144 sztuk\u0105<\/h3>\n<h3 align=\"center\"><span style=\"color: #ff0000;\">Piosenka do utrwalenia<\/span><\/h3>\n<h3 align=\"center\"><span style=\"color: #99cc00;\">\u201e Powitanie\u201d<\/span><\/h3>\n<h4 align=\"center\">( s\u0142. Danuta Zawadzka , muz. Stefan G\u0105sieniec)<\/h4>\n<h3 style=\"text-align: center;\" align=\"left\">Nowy dzie\u0144 si\u0119 zacz\u0105\u0142.<\/h3>\n<h3 style=\"text-align: center;\" align=\"left\">Witaj! Cze\u015b\u0107, przedszkole!<\/h3>\n<h3 style=\"text-align: center;\" align=\"left\">Chwy\u0107my si\u0119 za r\u0119ce,<\/h3>\n<h3 style=\"text-align: center;\" align=\"left\">sta\u0144my razem w kole.<\/h3>\n<h3 style=\"text-align: center;\" align=\"left\">Dzie\u0144 dobry,<\/h3>\n<h3 style=\"text-align: center;\" align=\"left\">dzie\u0144 dobry,<\/h3>\n<h3 style=\"text-align: center;\" align=\"left\">przywitajmy si\u0119.<\/h3>\n<h3 style=\"text-align: center;\" align=\"left\">Grzecznym powitaniem<\/h3>\n<h3 style=\"text-align: center;\" align=\"left\">rozpocznijmy dzie\u0144.<\/h3>\n<h3 style=\"text-align: center;\" align=\"left\">Dzie\u0144 dobry,<\/h3>\n<h3 style=\"text-align: center;\" align=\"left\">dzie\u0144 dobry,<\/h3>\n<h3 style=\"text-align: center;\" align=\"left\">przywitajmy si\u0119 .<\/h3>\n<h3 style=\"text-align: center;\" align=\"left\">Grzecznym powitaniem<\/h3>\n<h3 style=\"text-align: center;\" align=\"left\">rozpocznijmy dzie\u0144.<\/h3>\n<h1 style=\"text-align: center;\"><span style=\"color: #0000ff;\">5 LATKI<\/span><\/h1>\n<h3 align=\"left\"><span style=\"color: #ffcc00;\">I. W przedszkolu:<\/span><\/h3>\n<h3 align=\"left\">&#8211; rozwijanie umiej\u0119tno\u015bci liczenia, zapoznanie z zasadami panuj\u0105cymi w przedszkolu<\/h3>\n<h3 align=\"left\">&#8211; rozwijanie mowy, zach\u0119canie do udzia\u0142u w aktywnym s\u0142uchaniu opowiadania<\/h3>\n<h3 align=\"left\">&#8211; rozwijanie koordynacji s\u0142uchowo- ruchowej<\/h3>\n<h3 align=\"left\">&#8211; kszta\u0142towanie prawid\u0142owej postawy, rozwijanie sprawno\u015bci fizycznej<\/h3>\n<h3 align=\"left\">&#8211; rozwijanie sprawno\u015bci manualnej, rozwijanie zainteresowa\u0144 zabawami badawczymi<\/h3>\n<h3 align=\"left\"><span style=\"color: #ffcc00;\">II. Oto ja:<\/span><\/h3>\n<h3 align=\"left\">&#8211; rozwijanie mowy, rozwijanie sprawno\u015bci manualnej<\/h3>\n<h3 align=\"left\">&#8211; rozwijanie orientacji w schemacie w\u0142asnego cia\u0142a, poznawanie nazw cz\u0119\u015bci cia\u0142a<\/h3>\n<h3 align=\"left\">&#8211; ilustrowanie piosenki ruchem, usprawnianie aparatu artykulacyjnego<\/h3>\n<h3 align=\"left\">&#8211; wyrabianie umiej\u0119tno\u015bci \u0142\u0105czenia ruchu z muzyk\u0105<\/h3>\n<h3 align=\"left\">&#8211; rozwijanie sprawno\u015bci manualnej, dbanie o czysto\u015b\u0107 na stanowisku pracy<\/h3>\n<h3><span style=\"color: #ffcc00;\">III. Moja droga do przedszkola:<\/span><\/h3>\n<h3>&#8211; rozwijanie mowy, przestrzeganie zasad bezpiecze\u0144stwa ruchu drogowego<\/h3>\n<h3>&#8211; rozwijanie umiej\u0119tno\u015bci rozpoznawania ko\u0142a w\u015br\u00f3d innych figur, rozwijanie umiej\u0119tno\u015bci uk\u0142adania rytm\u00f3w<\/h3>\n<h3>&#8211; doskonalenie techniki ruchu, nawi\u0105zywanie relacji r\u00f3wie\u015bniczych<\/h3>\n<h3>&#8211; rozwijanie sprawno\u015bci ruchowej, kszta\u0142towanie odruchu prawid\u0142owej postawy<\/h3>\n<h3>&#8211; poznawanie znaczenia udzielania pierwszej pomocy, rozwijanie sprawno\u015bci manualnej<\/h3>\n<h3><span style=\"color: #ffcc00;\">IV. Jesie\u0144 w parku, w lesie:<\/span><\/h3>\n<h3>&#8211; rozwijanie mowy, zach\u0119canie do udzia\u0142u w aktywnym s\u0142uchaniu opowiadania<\/h3>\n<h3>&#8211; rozwijanie umiej\u0119tno\u015bci liczenia, rozwijanie zainteresowa\u0144 czytelniczych<\/h3>\n<h3>&#8211; rozwijanie poczucia rytmu, rozwijanie koordynacji s\u0142uchowo- ruchowej<\/h3>\n<h3>&#8211; kszta\u0142towanie prawid\u0142owej postawy, rozwijanie sprawno\u015bci fizycznej<\/h3>\n<h3>&#8211; rozwijanie sprawno\u015bci manualnej, rozwijanie zainteresowa\u0144 sztuk\u0105<\/h3>\n<h3 align=\"center\"><span style=\"color: #0000ff;\">Piosenka do utrwalenia<\/span><\/h3>\n<h3 align=\"center\"><span style=\"color: #ffcc00;\">\u201e Powitanie\u201d<\/span><\/h3>\n<h4 align=\"center\">( s\u0142. Danuta Zawadzka , muz. Stefan G\u0105sieniec)<\/h4>\n<h3 style=\"text-align: center;\" align=\"left\">Nowy dzie\u0144 si\u0119 zacz\u0105\u0142.<\/h3>\n<h3 style=\"text-align: center;\" align=\"left\">Witaj! Cze\u015b\u0107, przedszkole!<\/h3>\n<h3 style=\"text-align: center;\" align=\"left\">Chwy\u0107my si\u0119 za r\u0119ce,<\/h3>\n<h3 style=\"text-align: center;\" align=\"left\">sta\u0144my razem w kole.<\/h3>\n<h3 style=\"text-align: center;\" align=\"left\">Dzie\u0144 dobry,<\/h3>\n<h3 style=\"text-align: center;\" align=\"left\">dzie\u0144 dobry,<\/h3>\n<h3 style=\"text-align: center;\" align=\"left\">przywitajmy si\u0119.<\/h3>\n<h3 style=\"text-align: center;\" align=\"left\">Grzecznym powitaniem<\/h3>\n<h3 style=\"text-align: center;\" align=\"left\">rozpocznijmy dzie\u0144.<\/h3>\n<h3 style=\"text-align: center;\" align=\"left\">Dzie\u0144 dobry,<\/h3>\n<h3 style=\"text-align: center;\" align=\"left\">dzie\u0144 dobry,<\/h3>\n<h3 style=\"text-align: center;\" align=\"left\">przywitajmy si\u0119 .<\/h3>\n<h3 style=\"text-align: center;\" align=\"left\">Grzecznym powitaniem<\/h3>\n<h3 style=\"text-align: center;\" align=\"left\">rozpocznijmy dzie\u0144.<\/h3>\n<h1 style=\"text-align: center;\"><span style=\"color: #ff6600;\">6 LATKI<\/span><\/h1>\n<h3><span style=\"color: #008000;\">I ,, W przedszkolu\u201d<\/span><\/h3>\n<ul>\n<li>\n<h3>rozwijanie mowy,<\/h3>\n<\/li>\n<li>\n<h3>poszerzanie wiadomo\u015bci o Polsce,<\/h3>\n<\/li>\n<li>\n<h3>rozwijanie umiej\u0119tno\u015bci por\u00f3wnywania liczebno\u015bci zbior\u00f3w,<\/h3>\n<\/li>\n<li>\n<h3>rozwijanie sprawno\u015bci fizycznej,<\/h3>\n<\/li>\n<li>\n<h3>doskonalenie poczucia rytmu,<\/h3>\n<\/li>\n<li>\n<h3>zapoznanie z k\u0105cikami tematycznymi znajduj\u0105cymi si\u0119 w przedszkolu,<\/h3>\n<\/li>\n<li>\n<h3>poznanie miejsc znajduj\u0105cych si\u0119 w przedszkolu,<\/h3>\n<\/li>\n<li>\n<h3>rozwijanie sprawno\u015bci manualnej,<\/h3>\n<\/li>\n<li>\n<h3>rozwijanie koncentracji uwagi i logicznego my\u015blenia,<\/h3>\n<\/li>\n<\/ul>\n<h3><span style=\"color: #008000;\">II ,, Oto ja\u201d<\/span><\/h3>\n<ul>\n<li>\n<h3>rozwijanie mowy,<\/h3>\n<\/li>\n<li>\n<h3>rozwijanie s\u0142uchu fonematycznego,<\/h3>\n<\/li>\n<li>\n<h3>utrwalenie orientacji w schemacie w\u0142asnego cia\u0142a,<\/h3>\n<\/li>\n<li>\n<h3>rozwijanie sprawno\u015bci fizycznej,<\/h3>\n<\/li>\n<li>\n<h3>kszta\u0142towanie umiej\u0119tno\u015bci aktywnego s\u0142uchania,<\/h3>\n<\/li>\n<li>\n<h3>rozwijanie orientacji przestrzennej,<\/h3>\n<\/li>\n<li>\n<h3>rozpoznawanie podstawowych zmys\u0142\u00f3w,<\/h3>\n<\/li>\n<li>\n<h3>rozwijanie sprawno\u015bci manualnej,<\/h3>\n<\/li>\n<li>\n<h3>doskonalenie umiej\u0119tno\u015bci przeliczania,<\/h3>\n<\/li>\n<\/ul>\n<h3><span style=\"color: #008000;\">III ,, Moja droga do przedszkola\u201d<\/span><\/h3>\n<ul>\n<li>\n<h3>rozwijanie mowy,<\/h3>\n<\/li>\n<li>\n<h3>poznawanie zasad ruchu drogowego,<\/h3>\n<\/li>\n<li>\n<h3>zapoznanie z figur\u0105 geometryczn\u0105 \u2013 ko\u0142em,<\/h3>\n<\/li>\n<li>\n<h3>rozwijanie sprawno\u015bci fizycznej,<\/h3>\n<\/li>\n<li>\n<h3>rozwijanie s\u0142uchu muzycznego,<\/h3>\n<\/li>\n<li>\n<h3>rozwijanie umiej\u0119tno\u015bci udzielania pierwszej pomocy,<\/h3>\n<\/li>\n<li>\n<h3>rozwijanie sprawno\u015bci manualnej,<\/h3>\n<\/li>\n<\/ul>\n<h3><span style=\"color: #008000;\">IV ,, Jesie\u0144 w parku, w lesie\u201d<\/span><\/h3>\n<ul>\n<li>\n<h3>rozwijanie mowy,<\/h3>\n<\/li>\n<li>\n<h3>rozwijanie zainteresowa\u0144 przyrodniczych i badawczych,<\/h3>\n<\/li>\n<li>\n<h3>zapoznanie z figur\u0105 geometryczn\u0105, jak\u0105 jest kwadrat,<\/h3>\n<\/li>\n<li>\n<h3>rozwijanie umiej\u0119tno\u015bci klasyfikowania,<\/h3>\n<\/li>\n<li>\n<h3>rozwijanie sprawno\u015bci fizycznej,<\/h3>\n<\/li>\n<li>\n<h3>rozwijanie umiej\u0119tno\u015bci tworzenia improwizacji melodycznych,<\/h3>\n<\/li>\n<li>\n<h3>rozwijanie sprawno\u015bci manualnej,<\/h3>\n<\/li>\n<li>\n<h3>rozwijanie wyobra\u017ani i logicznego my\u015blenia.<\/h3>\n<\/li>\n<\/ul>\n<h3 align=\"center\"><span style=\"color: #ff6600;\">Piosenka do utrwalenia<\/span><\/h3>\n<h3 align=\"center\"><span style=\"color: #008000;\">,,Znowu w przedszkolu\u201d<\/span><\/h3>\n<h4 align=\"center\">(s\u0142. i muz. Jolanta Kucharczyk)<\/h4>\n<p>&nbsp;<\/p>\n<h3 style=\"text-align: center;\">1. Gdy odejdzie s\u0142oneczne, ciep\u0142e lato<\/h3>\n<h3 style=\"text-align: center;\">i wakacje ju\u017c sko\u0144cz\u0105 si\u0119,<\/h3>\n<h3 style=\"text-align: center;\">wr\u00f3c\u0105 dzieci do przedszkola,<\/h3>\n<h3 style=\"text-align: center;\">bo w przedszkolu fajnie jest.<\/h3>\n<h3 style=\"text-align: center;\"><\/h3>\n<h3 style=\"text-align: center;\">Ref.: W naszym przedszkolu zawsze jest weso\u0142o,<\/h3>\n<h3 style=\"text-align: center;\">w naszym przedszkolu mi\u0142o p\u0142ynie czas.<\/h3>\n<h3 style=\"text-align: center;\">Dzieci s\u0105 zawsze radosne, szcz\u0119\u015bliwe,<\/h3>\n<h3 style=\"text-align: center;\">wi\u0119c tu z ch\u0119ci\u0105 wraca ka\u017cdy z nas.<\/h3>\n<h3 style=\"text-align: center;\"><\/h3>\n<h3 style=\"text-align: center;\">2. Poznajemy literki i cyferki<\/h3>\n<h3 style=\"text-align: center;\">i wierszyk\u00f3w uczymy si\u0119.<\/h3>\n<h3 style=\"text-align: center;\">I \u015bpiewamy, i ta\u0144czymy,<\/h3>\n<h3 style=\"text-align: center;\">Tu jest pi\u0119kny ka\u017cdy dzie\u0144<\/h3>\n<h3 style=\"text-align: center;\">Ref.: W naszym&#8230;<\/h3>\n<h3 style=\"text-align: center;\"><\/h3>\n<h3 style=\"text-align: center;\">3. Tutaj zawsze koledzy, kole\u017canki<\/h3>\n<h3 style=\"text-align: center;\">tak rado\u015bnie witaj\u0105 mnie.<\/h3>\n<h3 style=\"text-align: center;\">Co dzie\u0144 \u015bwietnie si\u0119 bawimy.<\/h3>\n<h3 style=\"text-align: center;\">Czy gdzie\u015b b\u0119dzie lepiej? Nie!<\/h3>\n<h3 style=\"text-align: center;\">Ref.: W naszym\u2026<\/h3>\n","protected":false},"excerpt":{"rendered":"<p>3 LATKI I. W przedszkolu &#8211; rozwijanie mowy &#8211; rozwijanie koncentracji uwagi &#8211; por\u00f3wnywanie liczebno\u015bci zbior\u00f3w &#8211; poznawanie zasad panuj\u0105cych w przedszkolu &#8211; ilustrowanie piosenki ruchem &#8211; rozwijanie poczucia rytmu &#8211; rozwijanie sprawno\u015bci fizycznej &#8211; rozwijanie sprawno\u015bci manualnej &#8211; dbanie o porz\u0105dek wok\u00f3\u0142 siebie II. Oto ja &#8211; utrwalanie informacji o sobie &#8211; rozwijanie mowy&hellip; <br \/> <a class=\"read-more\" href=\"http:\/\/przedszkole.kosowlacki.pl\/wordpress\/zamierzenia-na-wrzesien-3\/\">Read more<\/a><\/p>\n","protected":false},"author":2,"featured_media":0,"comment_status":"open","ping_status":"open","sticky":false,"template":"","format":"standard","meta":[],"categories":[12],"tags":[],"_links":{"self":[{"href":"http:\/\/przedszkole.kosowlacki.pl\/wordpress\/wp-json\/wp\/v2\/posts\/13323"}],"collection":[{"href":"http:\/\/przedszkole.kosowlacki.pl\/wordpress\/wp-json\/wp\/v2\/posts"}],"about":[{"href":"http:\/\/przedszkole.kosowlacki.pl\/wordpress\/wp-json\/wp\/v2\/types\/post"}],"author":[{"embeddable":true,"href":"http:\/\/przedszkole.kosowlacki.pl\/wordpress\/wp-json\/wp\/v2\/users\/2"}],"replies":[{"embeddable":true,"href":"http:\/\/przedszkole.kosowlacki.pl\/wordpress\/wp-json\/wp\/v2\/comments?post=13323"}],"version-history":[{"count":1,"href":"http:\/\/przedszkole.kosowlacki.pl\/wordpress\/wp-json\/wp\/v2\/posts\/13323\/revisions"}],"predecessor-version":[{"id":13324,"href":"http:\/\/przedszkole.kosowlacki.pl\/wordpress\/wp-json\/wp\/v2\/posts\/13323\/revisions\/13324"}],"wp:attachment":[{"href":"http:\/\/przedszkole.kosowlacki.pl\/wordpress\/wp-json\/wp\/v2\/media?parent=13323"}],"wp:term":[{"taxonomy":"category","embeddable":true,"href":"http:\/\/przedszkole.kosowlacki.pl\/wordpress\/wp-json\/wp\/v2\/categories?post=13323"},{"taxonomy":"post_tag","embeddable":true,"href":"http:\/\/przedszkole.kosowlacki.pl\/wordpress\/wp-json\/wp\/v2\/tags?post=13323"}],"curies":[{"name":"wp","href":"https:\/\/api.w.org\/{rel}","templated":true}]}}