{"id":13193,"date":"2023-09-15T13:42:18","date_gmt":"2023-09-15T11:42:18","guid":{"rendered":"http:\/\/przedszkole.kosowlacki.pl\/wordpress\/?p=13193"},"modified":"2023-09-15T13:45:20","modified_gmt":"2023-09-15T11:45:20","slug":"dzien-kropki-4","status":"publish","type":"post","link":"http:\/\/przedszkole.kosowlacki.pl\/wordpress\/dzien-kropki-4\/","title":{"rendered":"DZIE\u0143 KROPKI"},"content":{"rendered":"\t\t<div data-elementor-type=\"wp-post\" data-elementor-id=\"13193\" class=\"elementor elementor-13193\" data-elementor-settings=\"[]\">\n\t\t\t\t\t\t<div class=\"elementor-inner\">\n\t\t\t\t\t\t\t<div class=\"elementor-section-wrap\">\n\t\t\t\t\t\t\t<section class=\"elementor-section elementor-top-section elementor-element elementor-element-7eec7a66 elementor-section-boxed elementor-section-height-default elementor-section-height-default\" data-id=\"7eec7a66\" data-element_type=\"section\">\n\t\t\t\t\t\t<div class=\"elementor-container elementor-column-gap-default\">\n\t\t\t\t\t\t\t<div class=\"elementor-row\">\n\t\t\t\t\t<div class=\"elementor-column elementor-col-100 elementor-top-column elementor-element elementor-element-4fc0b9a5\" data-id=\"4fc0b9a5\" data-element_type=\"column\">\n\t\t\t<div class=\"elementor-column-wrap elementor-element-populated\">\n\t\t\t\t\t\t\t<div class=\"elementor-widget-wrap\">\n\t\t\t\t\t\t<div class=\"elementor-element elementor-element-1cd8af87 elementor-widget elementor-widget-text-editor\" data-id=\"1cd8af87\" data-element_type=\"widget\" data-widget_type=\"text-editor.default\">\n\t\t\t\t<div class=\"elementor-widget-container\">\n\t\t\t\t\t<div class=\"elementor-text-editor elementor-clearfix\"><div>\n<div class=\"\" dir=\"auto\">\n<div id=\":r82:\" class=\"x1iorvi4 x1pi30zi x1l90r2v x1swvt13\" data-ad-comet-preview=\"message\" data-ad-preview=\"message\">\n<div class=\"x78zum5 xdt5ytf xz62fqu x16ldp7u\">\n<div class=\"xu06os2 x1ok221b\">\n<div class=\"xdj266r x11i5rnm xat24cr x1mh8g0r x1vvkbs x126k92a\">\n<div dir=\"auto\">Kropki, kropki, kropeczki.<\/div>\n<div dir=\"auto\">Ma\u0142e, du\u017ce, kolorowe,<\/div>\n<div dir=\"auto\">kr\u0105\u017c\u0105 dzi\u015b po naszej g\u0142owie!<\/div>\n<\/div>\n<div class=\"x11i5rnm xat24cr x1mh8g0r x1vvkbs xtlvy1s x126k92a\">\n<div dir=\"auto\">W naszym przedszkolu obchodzili\u015bmy dzi\u015b Mi\u0119dzynarodowy Dzie\u0144 Kropki. W salach wisia\u0142y kropkowe dekoracje, dzieci mia\u0142y kropkowe bluzeczki, a p\u00f3\u017aniej nawet r\u0105czki i buzie! Tematyk\u0105 dzisiejszych zaj\u0119\u0107 by\u0142a kropka! Jak niewielka ma\u0142a kuleczka mo\u017ce nas otacza\u0107 z ka\u017cdej strony? Wsp\u00f3lnie szukali\u015bmy w sali kropek, tych malutkich i du\u017cych, czytali\u015bmy i malowali\u015bmy. Mamy nadziej\u0119, \u017ce pod koniec dnia wszystkie przedszkolaki zabior\u0105 kropkowy nastr\u00f3j do domu!<\/div>\n<\/div>\n<\/div>\n<\/div>\n<\/div>\n<\/div>\n<div id=\":r83:\" class=\"x1n2onr6\">\n<div class=\"x1n2onr6\">\n<div class=\"x6s0dn4 x1jx94hy x78zum5 xdt5ytf x6ikm8r x10wlt62 x1n2onr6 xh8yej3\">\n<div>\n<div class=\"xqtp20y x6ikm8r x10wlt62 x1n2onr6\">\n<div class=\"x10l6tqk x13vifvy\"><img loading=\"lazy\" class=\"x1ey2m1c xds687c x5yr21d x10l6tqk x17qophe x13vifvy xh8yej3 xl1xv1r\" src=\"https:\/\/scontent-waw1-1.xx.fbcdn.net\/v\/t39.30808-6\/378794313_794753249324061_7790851061044905343_n.jpg?_nc_cat=100&amp;ccb=1-7&amp;_nc_sid=49d041&amp;_nc_ohc=9KCCZMFAI7kAX_IX_sE&amp;_nc_ht=scontent-waw1-1.xx&amp;oh=00_AfCABZi6MQw7rgz2Y96nxk7RlqUHEYRg1KTIjObFhQkDlg&amp;oe=65092DBF\" alt=\"Mo\u017ce by\u0107 zdj\u0119ciem przedstawiaj\u0105cym tekst\" width=\"632\" height=\"440\" \/><\/div>\n<\/div>\n<\/div>\n<\/div>\n<div class=\"xua58t2 xzg4506 x1ey2m1c xds687c x47corl x10l6tqk x17qophe x13vifvy\"><\/div>\n<div class=\"x1o1ewxj x3x9cwd x1e5q0jg x13rtm0m x1ey2m1c xds687c xg01cxk x47corl x10l6tqk x17qophe x13vifvy x1ebt8du x19991ni x1dhq9h\" style=\"text-align: right;\" data-visualcompletion=\"ignore\">A.Ferenc<\/div>\n<\/div>\n<div class=\"x6ikm8r x10wlt62\"><\/div>\n<\/div>\n<\/div>\n<div class=\"x8gbvx8 x80vd3b x1q0q8m5 xso031l x8cjs6t x13fuv20 x178xt8z x78zum5 x1q0g3np x1qughib xz9dl7a xn6708d xsag5q8 xpkgp8e\">\n<div class=\"x78zum5 x1q0g3np\">\n<div class=\"x12mruv9 x1xmf6yo x1sxyh0\"><\/div>\n<\/div>\n<\/div><\/div>\n\t\t\t\t<\/div>\n\t\t\t\t<\/div>\n\t\t\t\t\t\t<\/div>\n\t\t\t\t\t<\/div>\n\t\t<\/div>\n\t\t\t\t\t\t\t\t<\/div>\n\t\t\t\t\t<\/div>\n\t\t<\/section>\n\t\t\t\t\t\t<\/div>\n\t\t\t\t\t\t<\/div>\n\t\t\t\t\t<\/div>\n\t\t","protected":false},"excerpt":{"rendered":"<p>Kropki, kropki, kropeczki. Ma\u0142e, du\u017ce, kolorowe, kr\u0105\u017c\u0105 dzi\u015b po naszej g\u0142owie! W naszym przedszkolu obchodzili\u015bmy dzi\u015b Mi\u0119dzynarodowy Dzie\u0144 Kropki. W salach wisia\u0142y kropkowe dekoracje, dzieci mia\u0142y kropkowe bluzeczki, a p\u00f3\u017aniej nawet r\u0105czki i buzie! Tematyk\u0105 dzisiejszych zaj\u0119\u0107 by\u0142a kropka! Jak niewielka ma\u0142a kuleczka mo\u017ce nas otacza\u0107 z ka\u017cdej strony? Wsp\u00f3lnie szukali\u015bmy w sali kropek, tych&hellip; <br \/> <a class=\"read-more\" href=\"http:\/\/przedszkole.kosowlacki.pl\/wordpress\/dzien-kropki-4\/\">Read more<\/a><\/p>\n","protected":false},"author":8,"featured_media":0,"comment_status":"open","ping_status":"open","sticky":false,"template":"","format":"standard","meta":[],"categories":[10],"tags":[],"_links":{"self":[{"href":"http:\/\/przedszkole.kosowlacki.pl\/wordpress\/wp-json\/wp\/v2\/posts\/13193"}],"collection":[{"href":"http:\/\/przedszkole.kosowlacki.pl\/wordpress\/wp-json\/wp\/v2\/posts"}],"about":[{"href":"http:\/\/przedszkole.kosowlacki.pl\/wordpress\/wp-json\/wp\/v2\/types\/post"}],"author":[{"embeddable":true,"href":"http:\/\/przedszkole.kosowlacki.pl\/wordpress\/wp-json\/wp\/v2\/users\/8"}],"replies":[{"embeddable":true,"href":"http:\/\/przedszkole.kosowlacki.pl\/wordpress\/wp-json\/wp\/v2\/comments?post=13193"}],"version-history":[{"count":3,"href":"http:\/\/przedszkole.kosowlacki.pl\/wordpress\/wp-json\/wp\/v2\/posts\/13193\/revisions"}],"predecessor-version":[{"id":13196,"href":"http:\/\/przedszkole.kosowlacki.pl\/wordpress\/wp-json\/wp\/v2\/posts\/13193\/revisions\/13196"}],"wp:attachment":[{"href":"http:\/\/przedszkole.kosowlacki.pl\/wordpress\/wp-json\/wp\/v2\/media?parent=13193"}],"wp:term":[{"taxonomy":"category","embeddable":true,"href":"http:\/\/przedszkole.kosowlacki.pl\/wordpress\/wp-json\/wp\/v2\/categories?post=13193"},{"taxonomy":"post_tag","embeddable":true,"href":"http:\/\/przedszkole.kosowlacki.pl\/wordpress\/wp-json\/wp\/v2\/tags?post=13193"}],"curies":[{"name":"wp","href":"https:\/\/api.w.org\/{rel}","templated":true}]}}