{"id":13102,"date":"2023-09-10T17:07:29","date_gmt":"2023-09-10T15:07:29","guid":{"rendered":"http:\/\/przedszkole.kosowlacki.pl\/wordpress\/?p=13102"},"modified":"2023-09-10T17:07:29","modified_gmt":"2023-09-10T15:07:29","slug":"witamy-w-przedszkolu","status":"publish","type":"post","link":"http:\/\/przedszkole.kosowlacki.pl\/wordpress\/witamy-w-przedszkolu\/","title":{"rendered":"WITAMY W PRZEDSZKOLU!"},"content":{"rendered":"<p style=\"text-align: center;\">\u00a01 wrze\u015bnia rozpocz\u0105\u0142 si\u0119 nowy rok przedszkolny 2023\/2024. Wszystkie dzieci po\u017cegna\u0142y ju\u017c wakacje i nadszed\u0142 czas na wsp\u00f3ln\u0105 zabaw\u0119 w przedszkolu. By\u0142 to bardzo aktywny dzie\u0144, pe\u0142en wra\u017ce\u0144, dobrej zabawy i nowo\u015bci.<\/p>\n<p style=\"text-align: center;\">Serdecznie witamy naszych przedszkolak\u00f3w i ich rodzic\u00f3w po wakacyjnej przerwie. Mamy nadziej\u0119, \u017ce wypocz\u0119ci i z u\u015bmiechem na twarzy wracacie w przedszkolne progi.<\/p>\n<p style=\"text-align: center;\">Szczeg\u00f3lnie ciep\u0142o witamy naszych nowych podopiecznych, kt\u00f3rym \u017cyczymy szybkiej adaptacji oraz nawi\u0105zania wspania\u0142ych znajomo\u015bci.<\/p>\n<p style=\"text-align: center;\">Wszystkim cz\u0142onkom naszej przedszkolnej spo\u0142eczno\u015bci \u017cyczymy du\u017co rado\u015bci, s\u0142o\u0144ca oraz wielu sukces\u00f3w w rozpoczynaj\u0105cym si\u0119 roku przedszkolnym. A rodzicom owocnej wsp\u00f3\u0142pracy i zadowolenia.<\/p>\n","protected":false},"excerpt":{"rendered":"<p>\u00a01 wrze\u015bnia rozpocz\u0105\u0142 si\u0119 nowy rok przedszkolny 2023\/2024. Wszystkie dzieci po\u017cegna\u0142y ju\u017c wakacje i nadszed\u0142 czas na wsp\u00f3ln\u0105 zabaw\u0119 w przedszkolu. By\u0142 to bardzo aktywny dzie\u0144, pe\u0142en wra\u017ce\u0144, dobrej zabawy i nowo\u015bci. Serdecznie witamy naszych przedszkolak\u00f3w i ich rodzic\u00f3w po wakacyjnej przerwie. Mamy nadziej\u0119, \u017ce wypocz\u0119ci i z u\u015bmiechem na twarzy wracacie w przedszkolne progi.&hellip; <br \/> <a class=\"read-more\" href=\"http:\/\/przedszkole.kosowlacki.pl\/wordpress\/witamy-w-przedszkolu\/\">Read more<\/a><\/p>\n","protected":false},"author":8,"featured_media":0,"comment_status":"open","ping_status":"open","sticky":false,"template":"","format":"standard","meta":[],"categories":[10],"tags":[],"_links":{"self":[{"href":"http:\/\/przedszkole.kosowlacki.pl\/wordpress\/wp-json\/wp\/v2\/posts\/13102"}],"collection":[{"href":"http:\/\/przedszkole.kosowlacki.pl\/wordpress\/wp-json\/wp\/v2\/posts"}],"about":[{"href":"http:\/\/przedszkole.kosowlacki.pl\/wordpress\/wp-json\/wp\/v2\/types\/post"}],"author":[{"embeddable":true,"href":"http:\/\/przedszkole.kosowlacki.pl\/wordpress\/wp-json\/wp\/v2\/users\/8"}],"replies":[{"embeddable":true,"href":"http:\/\/przedszkole.kosowlacki.pl\/wordpress\/wp-json\/wp\/v2\/comments?post=13102"}],"version-history":[{"count":1,"href":"http:\/\/przedszkole.kosowlacki.pl\/wordpress\/wp-json\/wp\/v2\/posts\/13102\/revisions"}],"predecessor-version":[{"id":13103,"href":"http:\/\/przedszkole.kosowlacki.pl\/wordpress\/wp-json\/wp\/v2\/posts\/13102\/revisions\/13103"}],"wp:attachment":[{"href":"http:\/\/przedszkole.kosowlacki.pl\/wordpress\/wp-json\/wp\/v2\/media?parent=13102"}],"wp:term":[{"taxonomy":"category","embeddable":true,"href":"http:\/\/przedszkole.kosowlacki.pl\/wordpress\/wp-json\/wp\/v2\/categories?post=13102"},{"taxonomy":"post_tag","embeddable":true,"href":"http:\/\/przedszkole.kosowlacki.pl\/wordpress\/wp-json\/wp\/v2\/tags?post=13102"}],"curies":[{"name":"wp","href":"https:\/\/api.w.org\/{rel}","templated":true}]}}