{"id":13099,"date":"2023-08-17T13:14:47","date_gmt":"2023-08-17T11:14:47","guid":{"rendered":"http:\/\/przedszkole.kosowlacki.pl\/wordpress\/?p=13099"},"modified":"2023-08-17T13:14:47","modified_gmt":"2023-08-17T11:14:47","slug":"zebranie-z-rodzicami-4","status":"publish","type":"post","link":"http:\/\/przedszkole.kosowlacki.pl\/wordpress\/zebranie-z-rodzicami-4\/","title":{"rendered":"ZEBRANIE Z RODZICAMI"},"content":{"rendered":"<p>Serdecznie zapraszamy rodzic\u00f3w na zebranie organizacyjne, kt\u00f3re odb\u0119dzie si\u0119 <strong>30 sierpnia<\/strong> o godzinie <strong>16:00<\/strong> na sali gimnastycznej.<\/p>\n<p>Wej\u015bcie od strony boiska.<\/p>\n","protected":false},"excerpt":{"rendered":"<p>Serdecznie zapraszamy rodzic\u00f3w na zebranie organizacyjne, kt\u00f3re odb\u0119dzie si\u0119 30 sierpnia o godzinie 16:00 na sali gimnastycznej. Wej\u015bcie od strony boiska.<\/p>\n","protected":false},"author":8,"featured_media":0,"comment_status":"open","ping_status":"open","sticky":false,"template":"","format":"standard","meta":[],"categories":[11],"tags":[],"_links":{"self":[{"href":"http:\/\/przedszkole.kosowlacki.pl\/wordpress\/wp-json\/wp\/v2\/posts\/13099"}],"collection":[{"href":"http:\/\/przedszkole.kosowlacki.pl\/wordpress\/wp-json\/wp\/v2\/posts"}],"about":[{"href":"http:\/\/przedszkole.kosowlacki.pl\/wordpress\/wp-json\/wp\/v2\/types\/post"}],"author":[{"embeddable":true,"href":"http:\/\/przedszkole.kosowlacki.pl\/wordpress\/wp-json\/wp\/v2\/users\/8"}],"replies":[{"embeddable":true,"href":"http:\/\/przedszkole.kosowlacki.pl\/wordpress\/wp-json\/wp\/v2\/comments?post=13099"}],"version-history":[{"count":1,"href":"http:\/\/przedszkole.kosowlacki.pl\/wordpress\/wp-json\/wp\/v2\/posts\/13099\/revisions"}],"predecessor-version":[{"id":13100,"href":"http:\/\/przedszkole.kosowlacki.pl\/wordpress\/wp-json\/wp\/v2\/posts\/13099\/revisions\/13100"}],"wp:attachment":[{"href":"http:\/\/przedszkole.kosowlacki.pl\/wordpress\/wp-json\/wp\/v2\/media?parent=13099"}],"wp:term":[{"taxonomy":"category","embeddable":true,"href":"http:\/\/przedszkole.kosowlacki.pl\/wordpress\/wp-json\/wp\/v2\/categories?post=13099"},{"taxonomy":"post_tag","embeddable":true,"href":"http:\/\/przedszkole.kosowlacki.pl\/wordpress\/wp-json\/wp\/v2\/tags?post=13099"}],"curies":[{"name":"wp","href":"https:\/\/api.w.org\/{rel}","templated":true}]}}