{"id":13080,"date":"2023-07-31T13:15:15","date_gmt":"2023-07-31T11:15:15","guid":{"rendered":"http:\/\/przedszkole.kosowlacki.pl\/wordpress\/?p=13080"},"modified":"2023-08-03T13:47:10","modified_gmt":"2023-08-03T11:47:10","slug":"ogloszenie-o-naborze-na-wolne-stanowisko-pracy","status":"publish","type":"post","link":"http:\/\/przedszkole.kosowlacki.pl\/wordpress\/ogloszenie-o-naborze-na-wolne-stanowisko-pracy\/","title":{"rendered":"OG\u0141OSZENIE \u00a0O \u00a0NABORZE NA\u00a0 WOLNE \u00a0STANOWISKO \u00a0PRACY"},"content":{"rendered":"<h3 style=\"text-align: center;\"><strong>OG\u0141OSZENIE \u00a0O \u00a0NABORZE NA\u00a0 WOLNE \u00a0STANOWISKO \u00a0PRACY<\/strong><\/h3>\n<p style=\"text-align: left;\">Dyrektor Gminnego Przedszkola w Kosowie Lackim og\u0142asza nab\u00f3r na wolne stanowisko pracy<\/p>\n<p style=\"text-align: left;\"><strong>Pomoc nauczyciela (w pe\u0142nym wymiarze czasu pracy \u2013 1 etat).<\/strong><\/p>\n<p style=\"text-align: left;\"><strong>1. <\/strong><strong style=\"background-color: transparent;\">Wymagania niezb\u0119dne:<\/strong><\/p>\n<p style=\"text-align: left;\">&#8211;\u00a0 \u00a0 wykszta\u0142cenie co najmniej \u015brednie,<\/p>\n<p style=\"text-align: left;\">&#8211;\u00a0 \u00a0 umiej\u0119tno\u015b\u0107 wykonywania czynno\u015bci na powierzonym stanowisku,<\/p>\n<p style=\"text-align: left;\">&#8211;\u00a0 \u00a0 pe\u0142na zdolno\u015b\u0107 do czynno\u015bci prawnych oraz korzystanie z pe\u0142ni praw publicznych,<\/p>\n<p style=\"text-align: left;\">&#8211;\u00a0 \u00a0 niekaralno\u015b\u0107 za przest\u0119pstwo pope\u0142nione umy\u015blnie,<\/p>\n<p style=\"text-align: left;\">&#8211;\u00a0 \u00a0 stan zdrowia pozwalaj\u0105cy na wykonywanie pracy na stanowisku \u00a0pomoc nauczyciela<\/p>\n<p style=\"text-align: left;\"><strong>2. <\/strong><strong style=\"background-color: transparent;\">Wymagania dodatkowe:<\/strong><\/p>\n<p style=\"text-align: left;\">&#8211;\u00a0 \u00a0 umiej\u0119tno\u015b\u0107 pracy w zespole oraz nawi\u0105zywania dobrych relacji z pracownikami \u00a0przedszkola, dzie\u0107mi i rodzicami,<\/p>\n<p style=\"text-align: left;\">&#8211;\u00a0 \u00a0 systematyczno\u015b\u0107, odpowiedzialno\u015b\u0107 i dyscyplina pracy,<\/p>\n<p style=\"text-align: left;\">&#8211;\u00a0 \u00a0 przestrzeganie podstawowych zasad moralnych,<\/p>\n<p style=\"text-align: left;\">&#8211;\u00a0 \u00a0 sumienno\u015b\u0107 i punktualno\u015b\u0107,<\/p>\n<p style=\"text-align: left;\">&#8211;\u00a0 \u00a0 troska o \u0142ad i porz\u0105dek w przedszkolu,<\/p>\n<p style=\"text-align: left;\">&#8211;\u00a0 \u00a0\u00a0umiej\u0119tno\u015b\u0107 radzenia sobie w sytuacjach trudnych (opieka nad dzie\u0107mi chorymi i w\u0142a\u015bciwe zachowanie si\u0119 w sytuacjach nag\u0142ych).<\/p>\n<p style=\"text-align: left;\"><strong>3.<\/strong><strong style=\"background-color: transparent;\">Zakres zada\u0144 wykonywanych na stanowisku:<\/strong><\/p>\n<p>&#8211; Opieka nad dzie\u0107mi chorymi na cukrzyc\u0119 (kontrola poziomu cukru, ewentualne podanie leku, pomoc w czynno\u015bciach samoobs\u0142ugowych, opieka podczas wyj\u015b\u0107 na dw\u00f3r) oraz dzie\u0107mi, kt\u00f3re maj\u0105 orzeczenie o potrzebie kszta\u0142cenia specjalnego,<\/p>\n<p>&#8211; pomoc nauczycielowi w organizowaniu i prowadzeniu pracy opieku\u0144czo-wychowawczej,<\/p>\n<p>&#8211; organizowanie wypoczynku dzieci,<\/p>\n<p>&#8211; utrzymywanie w \u0142adzie i porz\u0105dku przydzielonego oddzia\u0142u,<\/p>\n<p>&#8211; dba\u0142o\u015b\u0107 o bezpiecze\u0144stwo i zdrowie wychowank\u00f3w.<\/p>\n<p style=\"text-align: left;\"><strong>4.Wymagane dokumenty<\/strong><\/p>\n<p style=\"text-align: left;\"><strong>&#8211; <\/strong>podanie o przyj\u0119cie do pracy:<\/p>\n<p style=\"text-align: left;\"><strong>&#8211; <\/strong>Curriculum Vitae opatrzone klauzul\u0105 &#8211; \u201eWyra\u017cam zgod\u0119 na przetwarzanie danych osobowych zawartych w mojej ofercie pracy dla potrzeb niezb\u0119dnych do realizacji procesu rekrutacji oraz przysz\u0142ych proces\u00f3w rekrutacyjnych zgodnie z art. 6 ust. 1 lit. a Rozporz\u0105dzeniem Parlamentu Europejskiego i Rady (UE) 2016\/679 z dnia 27 kwietnia 2016 r. w sprawie ochrony os\u00f3b fizycznych w zwi\u0105zku z przetwarzaniem danych osobowych i w sprawie swobodnego przep\u0142ywu takich danych oraz uchylenia dyrektywy 95\/46\/WE (RODO)<\/p>\n<p style=\"text-align: left;\">&#8211; kserokopie dokument\u00f3w potwierdzaj\u0105cych posiadane wykszta\u0142cenie.<\/p>\n<p style=\"text-align: left;\"><span style=\"background-color: transparent;\"><strong>5. Dokumenty dodatkowe\u00a0<\/strong>\u00a0 \u00a0 \u00a0 \u00a0 \u00a0 \u00a0 \u00a0 \u00a0 \u00a0 \u00a0 \u00a0 \u00a0 \u00a0 \u00a0 \u00a0 \u00a0 \u00a0 \u00a0 \u00a0 \u00a0 \u00a0 \u00a0 \u00a0 \u00a0 \u00a0 \u00a0 \u00a0 \u00a0 \u00a0 \u00a0 \u00a0 \u00a0 \u00a0 \u00a0 \u00a0 \u00a0 \u00a0 \u00a0 \u00a0 \u00a0 \u00a0 \u00a0 \u00a0 \u00a0 \u00a0 \u00a0 \u00a0 \u00a0 \u00a0 \u00a0 \u00a0 \u00a0 \u00a0 \u00a0 \u00a0 \u00a0 \u00a0 \u00a0 \u00a0 \u00a0 \u00a0 \u00a0 \u00a0 \u00a0 \u00a0 \u00a0 \u00a0 \u00a0 \u00a0 \u00a0 \u00a0 \u00a0<\/span><\/p>\n<p style=\"text-align: left;\"><span style=\"background-color: transparent;\">\u00a0&#8211; <\/span><span style=\"background-color: transparent;\">kserokopia uko\u0144czonego kursu medycznego<\/span><\/p>\n<p style=\"text-align: left;\"><strong>Wszystkie dokumenty aplikacyjne winny by\u0107 przez kandydata w\u0142asnor\u0119cznie podpisane. Aplikacja nie \u00a0zawieraj\u0105ca podpisanego o\u015bwiadczenia o wyra\u017ceniu zgody na przetwarzanie danych osobowych lub zawieraj\u0105ca o\u015bwiadczenie o wadliwej tre\u015bci\u00a0 nie b\u0119dzie uwzgl\u0119dniona w procesie rekrutacji.<\/strong><\/p>\n<p style=\"text-align: left;\"><strong>6. Ochrona danych osobowych:<\/strong><\/p>\n<p style=\"text-align: left;\">Zgodnie z art. 13 ust. 1 i 2 Rozporz\u0105dzenia Parlamentu Europejskiego i Rady (UE) 2016\/679 z dnia 27 kwietnia 2016r. w sprawie ochrony os\u00f3b fizycznych w zwi\u0105zku z przetwarzaniem danych osobowych i w sprawie swobodnego przep\u0142ywu takich danych oraz uchylenia dyrektywy 95\/46\/WE (og\u00f3lne rozporz\u0105dzenie o ochronie danych), dalej \u201eRODO\u201d, informuj\u0119, \u017ce<\/p>\n<ol style=\"text-align: left;\">\n<li>Administratorem danych osobowych jest Dyrektor Gminnego Przedszkola w Kosowie Lackim, ul. Polna 1, 08-330 Kos\u00f3w Lacki.<\/li>\n<li>Inspektor ochrony danych jest dost\u0119pny pod adresem e-mail: <a href=\"mailto:inspektor.rodo@naticom.pl\">rodo@naticom.pl<\/a><\/li>\n<li>Pani\/Pana dane osobowe przetwarzane b\u0119d\u0105 w celu realizacji i dokumentacji procesu rekrutacji na wolne stanowisko urz\u0119dnicze, a w przypadku zatrudnienia w celu realizacji umowy o prac\u0119 na podstawie art. 6 ust. 1 lit. a, b, c oraz art. 9 ust. 2 lit. b, g, h RODO, Kodeksu pracy.<\/li>\n<li>Dane osobowe mog\u0105 by\u0107 udost\u0119pniane innym podmiotom, uprawnionym do ich otrzymania na podstawie obowi\u0105zuj\u0105cych przepis\u00f3w prawa.<\/li>\n<li>Dane osobowe b\u0119d\u0105 przechowywane:<\/li>\n<\/ol>\n<ul style=\"text-align: left;\">\n<li>w przypadku kandydat\u00f3w do pracy: przez okres 3 miesi\u0119cy od dnia zatrudnienia kandydata wy\u0142onionego w naborze (nab\u00f3r rozstrzygni\u0119ty), a w przypadku niewy\u0142onienia kandydata &#8211; przez okres 3 miesi\u0119cy od dnia upowszechnienia informacji o wyniku naboru (nab\u00f3r nierozstrzygni\u0119ty),<\/li>\n<li>w przypadku zatrudnienia: przez okres realizacji umowy o prac\u0119 oraz do czasu okre\u015blonego w przepisach o narodowym zasobie archiwalnym i archiwach.<\/li>\n<\/ul>\n<ol style=\"text-align: left;\" start=\"6\">\n<li>Przys\u0142uguje Pani\/Panu prawo dost\u0119pu do tre\u015bci swoich danych, prawo ich sprostowania oraz prawo ograniczenia przetwarzania, a w przypadku danych przetwarzanych na podstawie wyra\u017conej zgody r\u00f3wnie\u017c do ich usuni\u0119cia oraz cofni\u0119cia zgody przetwarzania danych osobowych w dowolnym momencie bez wp\u0142ywu na zgodno\u015b\u0107 z prawem przetwarzania, kt\u00f3rego dokonano na podstawie zgody przed jej cofni\u0119ciem.<\/li>\n<li>Na niezgodne z prawem przetwarzanie Pani\/Pana danych osobowych przys\u0142uguje Pani\/Panu prawo wniesienia skargi do organu nadzorczego \u2013 Prezesa Urz\u0119du Ochrony Danych Osobowych.<\/li>\n<li>Podanie danych osobowych jest wymogiem ustawowym. Jest Pani\/Pan zobowi\u0105zana\/y do ich podania, a konsekwencj\u0105 niepodania danych osobowych b\u0119dzie odrzucenie oferty aplikacyjnej z powodu brak\u00f3w formalnych lub brak mo\u017cliwo\u015bci zawarcia umowy o prac\u0119. Podanie danych osobowych wykraczaj\u0105cych poza wym\u00f3g ustawowy jest dobrowolne.<\/li>\n<li>Dane nie b\u0119d\u0105 przetwarzane w spos\u00f3b zautomatyzowany, w tym r\u00f3wnie\u017c w formie profilowania.<\/li>\n<\/ol>\n<p style=\"text-align: left;\"><strong>7. Termin i miejsce sk\u0142adania dokument\u00f3w:<\/strong><\/p>\n<p style=\"text-align: left;\">Wymagane dokumenty aplikacyjne nale\u017cy\u00a0 z\u0142o\u017cy\u0107 osobi\u015bcie w zaklejonej kopercie w sekretariacie Gminnego Przedszkola\u00a0 w Kosowie Lackim przy ul. Polnej 1 \u00a0<strong>w terminie do dnia 11 sierpnia 2023 roku\u00a0 do godz.1600.<\/strong><\/p>\n<p style=\"text-align: left;\">Dokumenty dor\u0119czone po w\/w terminie sk\u0142adania nie b\u0119d\u0105 rozpatrywane i podlegaj\u0105 zwrotowi.<\/p>\n<p style=\"text-align: left;\">\n","protected":false},"excerpt":{"rendered":"<p>OG\u0141OSZENIE \u00a0O \u00a0NABORZE NA\u00a0 WOLNE \u00a0STANOWISKO \u00a0PRACY Dyrektor Gminnego Przedszkola w Kosowie Lackim og\u0142asza nab\u00f3r na wolne stanowisko pracy Pomoc nauczyciela (w pe\u0142nym wymiarze czasu pracy \u2013 1 etat). 1. Wymagania niezb\u0119dne: &#8211;\u00a0 \u00a0 wykszta\u0142cenie co najmniej \u015brednie, &#8211;\u00a0 \u00a0 umiej\u0119tno\u015b\u0107 wykonywania czynno\u015bci na powierzonym stanowisku, &#8211;\u00a0 \u00a0 pe\u0142na zdolno\u015b\u0107 do czynno\u015bci prawnych oraz korzystanie&hellip; <br \/> <a class=\"read-more\" href=\"http:\/\/przedszkole.kosowlacki.pl\/wordpress\/ogloszenie-o-naborze-na-wolne-stanowisko-pracy\/\">Read more<\/a><\/p>\n","protected":false},"author":2,"featured_media":0,"comment_status":"open","ping_status":"open","sticky":false,"template":"","format":"standard","meta":[],"categories":[11],"tags":[],"_links":{"self":[{"href":"http:\/\/przedszkole.kosowlacki.pl\/wordpress\/wp-json\/wp\/v2\/posts\/13080"}],"collection":[{"href":"http:\/\/przedszkole.kosowlacki.pl\/wordpress\/wp-json\/wp\/v2\/posts"}],"about":[{"href":"http:\/\/przedszkole.kosowlacki.pl\/wordpress\/wp-json\/wp\/v2\/types\/post"}],"author":[{"embeddable":true,"href":"http:\/\/przedszkole.kosowlacki.pl\/wordpress\/wp-json\/wp\/v2\/users\/2"}],"replies":[{"embeddable":true,"href":"http:\/\/przedszkole.kosowlacki.pl\/wordpress\/wp-json\/wp\/v2\/comments?post=13080"}],"version-history":[{"count":10,"href":"http:\/\/przedszkole.kosowlacki.pl\/wordpress\/wp-json\/wp\/v2\/posts\/13080\/revisions"}],"predecessor-version":[{"id":13090,"href":"http:\/\/przedszkole.kosowlacki.pl\/wordpress\/wp-json\/wp\/v2\/posts\/13080\/revisions\/13090"}],"wp:attachment":[{"href":"http:\/\/przedszkole.kosowlacki.pl\/wordpress\/wp-json\/wp\/v2\/media?parent=13080"}],"wp:term":[{"taxonomy":"category","embeddable":true,"href":"http:\/\/przedszkole.kosowlacki.pl\/wordpress\/wp-json\/wp\/v2\/categories?post=13080"},{"taxonomy":"post_tag","embeddable":true,"href":"http:\/\/przedszkole.kosowlacki.pl\/wordpress\/wp-json\/wp\/v2\/tags?post=13080"}],"curies":[{"name":"wp","href":"https:\/\/api.w.org\/{rel}","templated":true}]}}