{"id":12996,"date":"2023-06-23T13:31:10","date_gmt":"2023-06-23T11:31:10","guid":{"rendered":"http:\/\/przedszkole.kosowlacki.pl\/wordpress\/?p=12996"},"modified":"2023-06-23T13:31:10","modified_gmt":"2023-06-23T11:31:10","slug":"zyczenia-wakacyjne-3","status":"publish","type":"post","link":"http:\/\/przedszkole.kosowlacki.pl\/wordpress\/zyczenia-wakacyjne-3\/","title":{"rendered":"\u017byczenia wakacyjne"},"content":{"rendered":"<h3 style=\"text-align: center;\">Wszystkim dzieciom i Rodzicom \u017cyczymy s\u0142onecznych,<\/h3>\n<h3 style=\"text-align: center;\">pogodnych, bezpiecznych i\u00a0roze\u015bmianych wakacji.<br \/>\nOdpoczywajcie w pe\u0142nym s\u0142o\u0144cu i przy \u0142adnej pogodzie,<\/h3>\n<h3 style=\"text-align: center;\">nabierajcie si\u0142, by\u015bcie po wakacjach szcz\u0119\u015bliwi,<\/h3>\n<h3 style=\"text-align: center;\">wypocz\u0119ci i pe\u0142ni energii wr\u00f3cili do naszego przedszkola.<\/h3>\n<h3 style=\"text-align: center;\">\nNaszym Absolwentom i ich Rodzicom \u017cyczymy powodzenia i sukces\u00f3w w szkole.<\/h3>\n<h3 style=\"text-align: center;\">Do zobaczenia \ud83d\ude42<\/h3>\n<h3 style=\"text-align: center;\">Dyrekcja, Grono Pedagogiczne oraz Pracownicy Przedszkola<\/h3>\n<p><img loading=\"lazy\" class=\" wp-image-12997 aligncenter\" src=\"http:\/\/przedszkole.kosowlacki.pl\/wordpress\/wp-content\/uploads\/2023\/06\/wakacje1.png\" alt=\"\" width=\"961\" height=\"721\" srcset=\"http:\/\/przedszkole.kosowlacki.pl\/wordpress\/wp-content\/uploads\/2023\/06\/wakacje1.png 400w, http:\/\/przedszkole.kosowlacki.pl\/wordpress\/wp-content\/uploads\/2023\/06\/wakacje1-300x225.png 300w\" sizes=\"(max-width: 961px) 100vw, 961px\" \/><\/p>\n","protected":false},"excerpt":{"rendered":"<p>Wszystkim dzieciom i Rodzicom \u017cyczymy s\u0142onecznych, pogodnych, bezpiecznych i\u00a0roze\u015bmianych wakacji. Odpoczywajcie w pe\u0142nym s\u0142o\u0144cu i przy \u0142adnej pogodzie, nabierajcie si\u0142, by\u015bcie po wakacjach szcz\u0119\u015bliwi, wypocz\u0119ci i pe\u0142ni energii wr\u00f3cili do naszego przedszkola. Naszym Absolwentom i ich Rodzicom \u017cyczymy powodzenia i sukces\u00f3w w szkole. Do zobaczenia \ud83d\ude42 Dyrekcja, Grono Pedagogiczne oraz Pracownicy Przedszkola<\/p>\n","protected":false},"author":2,"featured_media":0,"comment_status":"open","ping_status":"open","sticky":false,"template":"","format":"standard","meta":[],"categories":[10],"tags":[],"_links":{"self":[{"href":"http:\/\/przedszkole.kosowlacki.pl\/wordpress\/wp-json\/wp\/v2\/posts\/12996"}],"collection":[{"href":"http:\/\/przedszkole.kosowlacki.pl\/wordpress\/wp-json\/wp\/v2\/posts"}],"about":[{"href":"http:\/\/przedszkole.kosowlacki.pl\/wordpress\/wp-json\/wp\/v2\/types\/post"}],"author":[{"embeddable":true,"href":"http:\/\/przedszkole.kosowlacki.pl\/wordpress\/wp-json\/wp\/v2\/users\/2"}],"replies":[{"embeddable":true,"href":"http:\/\/przedszkole.kosowlacki.pl\/wordpress\/wp-json\/wp\/v2\/comments?post=12996"}],"version-history":[{"count":1,"href":"http:\/\/przedszkole.kosowlacki.pl\/wordpress\/wp-json\/wp\/v2\/posts\/12996\/revisions"}],"predecessor-version":[{"id":12998,"href":"http:\/\/przedszkole.kosowlacki.pl\/wordpress\/wp-json\/wp\/v2\/posts\/12996\/revisions\/12998"}],"wp:attachment":[{"href":"http:\/\/przedszkole.kosowlacki.pl\/wordpress\/wp-json\/wp\/v2\/media?parent=12996"}],"wp:term":[{"taxonomy":"category","embeddable":true,"href":"http:\/\/przedszkole.kosowlacki.pl\/wordpress\/wp-json\/wp\/v2\/categories?post=12996"},{"taxonomy":"post_tag","embeddable":true,"href":"http:\/\/przedszkole.kosowlacki.pl\/wordpress\/wp-json\/wp\/v2\/tags?post=12996"}],"curies":[{"name":"wp","href":"https:\/\/api.w.org\/{rel}","templated":true}]}}