{"id":12904,"date":"2023-06-12T11:49:10","date_gmt":"2023-06-12T09:49:10","guid":{"rendered":"http:\/\/przedszkole.kosowlacki.pl\/wordpress\/?p=12904"},"modified":"2023-06-12T11:49:10","modified_gmt":"2023-06-12T09:49:10","slug":"zebranie-z-rodzicami-3","status":"publish","type":"post","link":"http:\/\/przedszkole.kosowlacki.pl\/wordpress\/zebranie-z-rodzicami-3\/","title":{"rendered":"Zebranie z rodzicami"},"content":{"rendered":"<h3 align=\"center\"><span style=\"color: #002060;\"><span style=\"font-family: Times New Roman, serif;\"><span style=\"font-size: xx-large;\"><b>Zebranie z rodzicami !<\/b><\/span><\/span><\/span><\/h3>\n<h3 align=\"center\"><a name=\"_GoBack\"><\/a> <span style=\"color: #002060;\"><span style=\"font-family: Times New Roman, serif;\"><span style=\"font-size: xx-large;\"><b>29 czerwca (czwartek) 2023r. o godzinie 16.15.<\/b><\/span><\/span><\/span><\/h3>\n<h3 align=\"center\"><span style=\"color: #002060;\"><span style=\"font-family: Times New Roman, serif;\"><span style=\"font-size: xx-large;\"><b>na sali gimnastycznej (wej\u015bcie od boiska) przy ul. Polnej 1 <\/b><\/span><\/span><\/span><\/h3>\n<h3 align=\"center\"><span style=\"color: #002060;\"> <span style=\"font-family: Times New Roman, serif;\"><span style=\"font-size: xx-large;\"><b>odb\u0119dzie si\u0119 zebranie organizacyjne dla rodzic\u00f3w dzieci, <\/b><\/span><\/span><\/span><\/h3>\n<h3 align=\"center\"><span style=\"color: #ff0000;\"><span style=\"font-family: Times New Roman, serif;\"><span style=\"font-size: xx-large;\"><u><b>kt\u00f3re po raz pierwszy b\u0119d\u0105 ucz\u0119szcza\u0142y do naszego przedszkola.<\/b><\/u><\/span><\/span><\/span><\/h3>\n<h3><span style=\"font-family: Times New Roman, serif;\"><span style=\"font-size: x-large;\">Porz\u0105dek zebrania:<\/span><\/span><\/h3>\n<h3><span style=\"font-family: Times New Roman, serif;\"><span style=\"font-size: x-large;\">1. Zapoznanie z dokumentami obowi\u0105zuj\u0105cymi w przedszkolu<\/span><\/span><\/h3>\n<h3><span style=\"font-family: Times New Roman, serif;\"><span style=\"font-size: x-large;\">2. Zapoznanie z podstawowymi sprawami dotycz\u0105cymi funkcjonowania plac\u00f3wki<\/span><\/span><\/h3>\n<h3><span style=\"font-family: Times New Roman, serif;\"><span style=\"font-size: x-large;\">3. Sprawy r\u00f3\u017cne<\/span><\/span><\/h3>\n<h3><\/h3>\n","protected":false},"excerpt":{"rendered":"<p>Zebranie z rodzicami ! 29 czerwca (czwartek) 2023r. o godzinie 16.15. na sali gimnastycznej (wej\u015bcie od boiska) przy ul. Polnej 1 odb\u0119dzie si\u0119 zebranie organizacyjne dla rodzic\u00f3w dzieci, kt\u00f3re po raz pierwszy b\u0119d\u0105 ucz\u0119szcza\u0142y do naszego przedszkola. Porz\u0105dek zebrania: 1. Zapoznanie z dokumentami obowi\u0105zuj\u0105cymi w przedszkolu 2. Zapoznanie z podstawowymi sprawami dotycz\u0105cymi funkcjonowania plac\u00f3wki 3.&hellip; <br \/> <a class=\"read-more\" href=\"http:\/\/przedszkole.kosowlacki.pl\/wordpress\/zebranie-z-rodzicami-3\/\">Read more<\/a><\/p>\n","protected":false},"author":2,"featured_media":0,"comment_status":"open","ping_status":"open","sticky":false,"template":"","format":"standard","meta":[],"categories":[11],"tags":[],"_links":{"self":[{"href":"http:\/\/przedszkole.kosowlacki.pl\/wordpress\/wp-json\/wp\/v2\/posts\/12904"}],"collection":[{"href":"http:\/\/przedszkole.kosowlacki.pl\/wordpress\/wp-json\/wp\/v2\/posts"}],"about":[{"href":"http:\/\/przedszkole.kosowlacki.pl\/wordpress\/wp-json\/wp\/v2\/types\/post"}],"author":[{"embeddable":true,"href":"http:\/\/przedszkole.kosowlacki.pl\/wordpress\/wp-json\/wp\/v2\/users\/2"}],"replies":[{"embeddable":true,"href":"http:\/\/przedszkole.kosowlacki.pl\/wordpress\/wp-json\/wp\/v2\/comments?post=12904"}],"version-history":[{"count":1,"href":"http:\/\/przedszkole.kosowlacki.pl\/wordpress\/wp-json\/wp\/v2\/posts\/12904\/revisions"}],"predecessor-version":[{"id":12905,"href":"http:\/\/przedszkole.kosowlacki.pl\/wordpress\/wp-json\/wp\/v2\/posts\/12904\/revisions\/12905"}],"wp:attachment":[{"href":"http:\/\/przedszkole.kosowlacki.pl\/wordpress\/wp-json\/wp\/v2\/media?parent=12904"}],"wp:term":[{"taxonomy":"category","embeddable":true,"href":"http:\/\/przedszkole.kosowlacki.pl\/wordpress\/wp-json\/wp\/v2\/categories?post=12904"},{"taxonomy":"post_tag","embeddable":true,"href":"http:\/\/przedszkole.kosowlacki.pl\/wordpress\/wp-json\/wp\/v2\/tags?post=12904"}],"curies":[{"name":"wp","href":"https:\/\/api.w.org\/{rel}","templated":true}]}}