{"id":12902,"date":"2023-06-12T11:46:29","date_gmt":"2023-06-12T09:46:29","guid":{"rendered":"http:\/\/przedszkole.kosowlacki.pl\/wordpress\/?p=12902"},"modified":"2023-06-12T11:51:13","modified_gmt":"2023-06-12T09:51:13","slug":"dyzur-wakacyjny-w-naszym-przedszkolu","status":"publish","type":"post","link":"http:\/\/przedszkole.kosowlacki.pl\/wordpress\/dyzur-wakacyjny-w-naszym-przedszkolu\/","title":{"rendered":"Dy\u017cur wakacyjny w naszym przedszkolu"},"content":{"rendered":"<h3 align=\"center\"><span style=\"font-size: 300%;\">OG\u0141OSZENIE<\/span><\/h3>\n<h3 align=\"justify\"><span style=\"font-family: Times New Roman, serif;\"><span style=\"font-size: x-large;\">Rodzice, kt\u00f3rzy oboje pracuj\u0105 i nie maj\u0105 mo\u017cliwo\u015bci zapewnienia dziecku opieki w miesi\u0105cu sierpniu, mog\u0105 zapisa\u0107 je na miesi\u0119czny pobyt wakacyjny do przedszkola.<\/span><\/span><\/h3>\n<h3 align=\"justify\"><span style=\"font-family: Times New Roman, serif;\"><span style=\"font-size: x-large;\">Zainteresowanych prosimy o wype\u0142nienie wniosku<br \/>\no przyj\u0119cie dziecka na dy\u017cur wakacyjny w sekretariacie naszego przedszkola do dnia <\/span><\/span><span style=\"font-family: Times New Roman, serif;\"><span style=\"font-size: x-large;\"><b>20.06.2023r. <\/b><\/span><\/span><\/h3>\n<h3 align=\"justify\"><span style=\"font-family: Times New Roman, serif;\"><span style=\"font-size: x-large;\"><b>Wa\u017cne informacje:<\/b><\/span><\/span><\/h3>\n<h3 align=\"justify\"><span style=\"font-family: Times New Roman, serif;\"><span style=\"font-size: x-large;\">Przedszkole, kt\u00f3re zapewnia opiek\u0119 w miesi\u0105cu <\/span><\/span><span style=\"font-family: Times New Roman, serif;\"><span style=\"font-size: x-large;\"><b>sierpniu<\/b><\/span><\/span><span style=\"font-family: Times New Roman, serif;\"><span style=\"font-size: x-large;\">: <\/span><\/span><\/h3>\n<ul>\n<li>\n<h3 align=\"justify\"><span style=\"font-family: Times New Roman, serif;\"><span style=\"font-size: x-large;\">B\u0119dzie czynne w godzinach od <\/span><\/span><span style=\"color: #ff0000;\"><span style=\"font-family: Times New Roman, serif;\"><span style=\"font-size: x-large;\"><u><b>6<\/b><\/u><\/span><\/span><\/span><span style=\"color: #ff0000;\"><sup><span style=\"font-family: Times New Roman, serif;\"><span style=\"font-size: x-large;\"><u><b>30<\/b><\/u><\/span><\/span><\/sup><\/span><span style=\"color: #ff0000;\"><span style=\"font-family: Times New Roman, serif;\"><span style=\"font-size: x-large;\"><u><b> do 16<\/b><\/u><\/span><\/span><\/span><span style=\"color: #ff0000;\"><sup><span style=\"font-family: Times New Roman, serif;\"><span style=\"font-size: x-large;\"><u><b>30<\/b><\/u><\/span><\/span><\/sup><\/span> <span style=\"font-family: Times New Roman, serif;\"><span style=\"font-size: x-large;\">.<\/span><\/span><\/h3>\n<\/li>\n<li>\n<h3 align=\"justify\"><span style=\"font-family: Times New Roman, serif;\"><span style=\"font-size: x-large;\">Stawka dzienna za wy\u017cywienie w miesi\u0105cu sierpniu\u2013 <\/span><\/span><span style=\"color: #ff0000;\"><span style=\"font-family: Times New Roman, serif;\"><span style=\"font-size: x-large;\"><u><b>15z\u0142;<\/b><\/u><\/span><\/span><\/span><\/h3>\n<\/li>\n<\/ul>\n<h3 align=\"justify\"><span style=\"color: #ff0000;\"><u> <span style=\"font-family: Times New Roman, serif;\"><span style=\"font-size: x-large;\"><b>(22 dni x 15 z\u0142 = 330 z\u0142) + op\u0142ata 0,80 z\u0142 za godzin\u0119<\/b><\/span><\/span><\/u><\/span><\/h3>\n<h3 align=\"justify\"><span style=\"color: #ff0000;\"><u> <span style=\"font-family: Times New Roman, serif;\"><span style=\"font-size: x-large;\"><b>wykraczaj\u0105c\u0105 poza minimum<\/b><\/span><\/span><\/u><\/span><span style=\"color: #ff0000;\"><span style=\"font-family: Times New Roman, serif;\"><span style=\"font-size: x-large;\"><u>.<\/u><\/span><\/span><\/span><\/h3>\n<h3 align=\"justify\"><span style=\"color: #ff0000;\"> <span style=\"font-family: Times New Roman, serif;\"><span style=\"font-size: x-large;\">Op\u0142ata za wy\u017cywienie nale\u017cy wp\u0142aci\u0107 na konto <\/span><\/span><\/span><\/h3>\n<h3 align=\"justify\"><span style=\"color: #ff0000;\"><span style=\"font-family: Times New Roman, serif;\"><span style=\"font-size: x-large;\"><u><b>nie wcze\u015bniej<\/b><\/u><\/span><\/span><\/span> <span style=\"color: #ff0000;\"><span style=\"font-family: Times New Roman, serif;\"><span style=\"font-size: x-large;\"><u><b>ni\u017c w okresie od 01.08.2023 do 10.08.2023r<\/b><\/u><\/span><\/span><\/span><span style=\"color: #ff0000;\"><span style=\"font-family: Times New Roman, serif;\"><span style=\"font-size: x-large;\">. <\/span><\/span><\/span><\/h3>\n<h3 align=\"justify\"><span style=\"color: #ff0000;\"><span style=\"font-family: Times New Roman, serif;\"><span style=\"font-size: x-large;\">Jednodniowe nieobecno\u015bci dziecka nie b\u0119d\u0105 odliczane.<\/span><\/span><\/span><\/h3>\n<ul>\n<li>\n<h3 align=\"justify\"><span style=\"font-family: Times New Roman, serif;\"><span style=\"font-size: x-large;\">Wszystkie dzieci przynosz\u0105 <\/span><\/span><span style=\"font-family: Times New Roman, serif;\"><span style=\"font-size: x-large;\"><b>r\u0119cznik papierowy<\/b><\/span><\/span><span style=\"font-family: Times New Roman, serif;\"><span style=\"font-size: x-large;\">.<\/span><\/span><\/h3>\n<\/li>\n<li>\n<h3 align=\"justify\"><span style=\"font-family: Times New Roman, serif;\"><span style=\"font-size: x-large;\">Wnioski o przyj\u0119cie dziecka na dy\u017cur wakacyjny, kt\u00f3re nie wp\u0142yn\u0105 w okre\u015blonym terminie tj. do dnia <\/span><\/span><span style=\"font-family: Times New Roman, serif;\"><span style=\"font-size: x-large;\"><b>20.06.2023r.<\/b><\/span><\/span><span style=\"font-family: Times New Roman, serif;\"><span style=\"font-size: x-large;\"> nie b\u0119d\u0105 rozpatrywane. <\/span><\/span><\/h3>\n<\/li>\n<\/ul>\n<h3 align=\"justify\"><\/h3>\n<h3><\/h3>\n<h3><\/h3>\n<h3><\/h3>\n<h3><\/h3>\n<h3><\/h3>\n<h3><\/h3>\n<h3><\/h3>\n<h3><a name=\"_GoBack\"><\/a><\/h3>\n<h3><\/h3>\n<h3><\/h3>\n","protected":false},"excerpt":{"rendered":"<p>OG\u0141OSZENIE Rodzice, kt\u00f3rzy oboje pracuj\u0105 i nie maj\u0105 mo\u017cliwo\u015bci zapewnienia dziecku opieki w miesi\u0105cu sierpniu, mog\u0105 zapisa\u0107 je na miesi\u0119czny pobyt wakacyjny do przedszkola. Zainteresowanych prosimy o wype\u0142nienie wniosku o przyj\u0119cie dziecka na dy\u017cur wakacyjny w sekretariacie naszego przedszkola do dnia 20.06.2023r. Wa\u017cne informacje: Przedszkole, kt\u00f3re zapewnia opiek\u0119 w miesi\u0105cu sierpniu: B\u0119dzie czynne w godzinach&hellip; <br \/> <a class=\"read-more\" href=\"http:\/\/przedszkole.kosowlacki.pl\/wordpress\/dyzur-wakacyjny-w-naszym-przedszkolu\/\">Read more<\/a><\/p>\n","protected":false},"author":2,"featured_media":0,"comment_status":"open","ping_status":"open","sticky":false,"template":"","format":"standard","meta":[],"categories":[11],"tags":[],"_links":{"self":[{"href":"http:\/\/przedszkole.kosowlacki.pl\/wordpress\/wp-json\/wp\/v2\/posts\/12902"}],"collection":[{"href":"http:\/\/przedszkole.kosowlacki.pl\/wordpress\/wp-json\/wp\/v2\/posts"}],"about":[{"href":"http:\/\/przedszkole.kosowlacki.pl\/wordpress\/wp-json\/wp\/v2\/types\/post"}],"author":[{"embeddable":true,"href":"http:\/\/przedszkole.kosowlacki.pl\/wordpress\/wp-json\/wp\/v2\/users\/2"}],"replies":[{"embeddable":true,"href":"http:\/\/przedszkole.kosowlacki.pl\/wordpress\/wp-json\/wp\/v2\/comments?post=12902"}],"version-history":[{"count":3,"href":"http:\/\/przedszkole.kosowlacki.pl\/wordpress\/wp-json\/wp\/v2\/posts\/12902\/revisions"}],"predecessor-version":[{"id":12907,"href":"http:\/\/przedszkole.kosowlacki.pl\/wordpress\/wp-json\/wp\/v2\/posts\/12902\/revisions\/12907"}],"wp:attachment":[{"href":"http:\/\/przedszkole.kosowlacki.pl\/wordpress\/wp-json\/wp\/v2\/media?parent=12902"}],"wp:term":[{"taxonomy":"category","embeddable":true,"href":"http:\/\/przedszkole.kosowlacki.pl\/wordpress\/wp-json\/wp\/v2\/categories?post=12902"},{"taxonomy":"post_tag","embeddable":true,"href":"http:\/\/przedszkole.kosowlacki.pl\/wordpress\/wp-json\/wp\/v2\/tags?post=12902"}],"curies":[{"name":"wp","href":"https:\/\/api.w.org\/{rel}","templated":true}]}}