{"id":12899,"date":"2023-06-12T08:51:57","date_gmt":"2023-06-12T06:51:57","guid":{"rendered":"http:\/\/przedszkole.kosowlacki.pl\/wordpress\/?p=12899"},"modified":"2023-06-12T08:51:57","modified_gmt":"2023-06-12T06:51:57","slug":"zajecia-otwarte-w-grupach-sloneczka-i-motylki","status":"publish","type":"post","link":"http:\/\/przedszkole.kosowlacki.pl\/wordpress\/zajecia-otwarte-w-grupach-sloneczka-i-motylki\/","title":{"rendered":"Zaj\u0119cia otwarte w grupach: ,,S\u0142oneczka&#8221; i ,,Motylki&#8221;"},"content":{"rendered":"<h2>Dzieci z grup <span style=\"color: #ffff00;\">,,S\u0142oneczka\u201d<\/span> i <span style=\"color: #ff6600;\">,,Motylki\u201d<\/span> wraz z wychowawcami serdecznie zapraszaj\u0105 swoich rodzic\u00f3w na zaj\u0119cia otwarte, kt\u00f3re odb\u0119d\u0105 si\u0119 <span style=\"color: #ff0000;\">16 czerwca<\/span> (pi\u0105tek) o godzinie <span style=\"color: #00ff00;\">10.15<\/span> w salach grup.<\/h2>\n","protected":false},"excerpt":{"rendered":"<p>Dzieci z grup ,,S\u0142oneczka\u201d i ,,Motylki\u201d wraz z wychowawcami serdecznie zapraszaj\u0105 swoich rodzic\u00f3w na zaj\u0119cia otwarte, kt\u00f3re odb\u0119d\u0105 si\u0119 16 czerwca (pi\u0105tek) o godzinie 10.15 w salach grup.<\/p>\n","protected":false},"author":2,"featured_media":0,"comment_status":"open","ping_status":"open","sticky":false,"template":"","format":"standard","meta":[],"categories":[11],"tags":[],"_links":{"self":[{"href":"http:\/\/przedszkole.kosowlacki.pl\/wordpress\/wp-json\/wp\/v2\/posts\/12899"}],"collection":[{"href":"http:\/\/przedszkole.kosowlacki.pl\/wordpress\/wp-json\/wp\/v2\/posts"}],"about":[{"href":"http:\/\/przedszkole.kosowlacki.pl\/wordpress\/wp-json\/wp\/v2\/types\/post"}],"author":[{"embeddable":true,"href":"http:\/\/przedszkole.kosowlacki.pl\/wordpress\/wp-json\/wp\/v2\/users\/2"}],"replies":[{"embeddable":true,"href":"http:\/\/przedszkole.kosowlacki.pl\/wordpress\/wp-json\/wp\/v2\/comments?post=12899"}],"version-history":[{"count":1,"href":"http:\/\/przedszkole.kosowlacki.pl\/wordpress\/wp-json\/wp\/v2\/posts\/12899\/revisions"}],"predecessor-version":[{"id":12900,"href":"http:\/\/przedszkole.kosowlacki.pl\/wordpress\/wp-json\/wp\/v2\/posts\/12899\/revisions\/12900"}],"wp:attachment":[{"href":"http:\/\/przedszkole.kosowlacki.pl\/wordpress\/wp-json\/wp\/v2\/media?parent=12899"}],"wp:term":[{"taxonomy":"category","embeddable":true,"href":"http:\/\/przedszkole.kosowlacki.pl\/wordpress\/wp-json\/wp\/v2\/categories?post=12899"},{"taxonomy":"post_tag","embeddable":true,"href":"http:\/\/przedszkole.kosowlacki.pl\/wordpress\/wp-json\/wp\/v2\/tags?post=12899"}],"curies":[{"name":"wp","href":"https:\/\/api.w.org\/{rel}","templated":true}]}}