{"id":12694,"date":"2023-06-02T14:39:13","date_gmt":"2023-06-02T12:39:13","guid":{"rendered":"http:\/\/przedszkole.kosowlacki.pl\/wordpress\/?p=12694"},"modified":"2023-06-02T14:43:15","modified_gmt":"2023-06-02T12:43:15","slug":"zamierzenia-na-czerwiec-3","status":"publish","type":"post","link":"http:\/\/przedszkole.kosowlacki.pl\/wordpress\/zamierzenia-na-czerwiec-3\/","title":{"rendered":"zamierzenia na czerwiec"},"content":{"rendered":"<h2 style=\"text-align: center;\"><span style=\"color: #00ff00;\">3 LATKI<\/span><\/h2>\n<h3 align=\"left\"><span style=\"color: #800080;\">I. Lubimy to samo, ale ka\u017cdy z nas jest inny:<\/span><\/h3>\n<h3 align=\"left\">&#8211; zapoznanie z obchodami Dnia Dziecka<\/h3>\n<h3 align=\"left\">&#8211; rozwijanie mowy<\/h3>\n<h3 align=\"left\">&#8211; podkre\u015blanie szkodliwo\u015bci ha\u0142asu dla zdrowia<\/h3>\n<h3 align=\"left\">&#8211; rozwijanie zdolno\u015bci wokalnych i ruchowych<\/h3>\n<h3 align=\"left\">&#8211; rozwijanie umiej\u0119tno\u015bci rysowania postaci ludzkiej<\/h3>\n<h3 align=\"left\"><span style=\"color: #800080;\">II. Moje podw\u00f3rko:<\/span><\/h3>\n<h3 align=\"left\">&#8211; rozwijanie mowy i koncentracji uwagi<\/h3>\n<h3 align=\"left\">&#8211; rozwijanie mowy<\/h3>\n<h3 align=\"left\">-rozwijanie umiej\u0119tno\u015bci rozpoznawania wybranych zwierz\u0105t<\/h3>\n<h3 align=\"left\">&#8211; rozwijanie sprawno\u015bci manualnych i inwencji tw\u00f3rczej<\/h3>\n<h3 align=\"left\">&#8211; rozwijanie zdolno\u015bci wokalnych i rytmicznych<\/h3>\n<h3><span style=\"color: #800080;\">III. Wakacje, zn\u00f3w b\u0119d\u0105 wakacje:<\/span><\/h3>\n<h3>&#8211; rozwijanie mowy<\/h3>\n<h3>&#8211; poznawanie r\u00f3\u017cnych \u015brodk\u00f3w lokomocji<\/h3>\n<h3>&#8211; zwracanie uwagi na charakterystyczne oznaki lata<\/h3>\n<h3>&#8211; rozwijanie sprawno\u015bci manualnych<\/h3>\n<h3>&#8211; rozwijanie wra\u017cliwo\u015bci s\u0142uchowej<\/h3>\n<h3 align=\"center\"><span style=\"color: #00ff00;\">Piosenka do utrwalenia<\/span><\/h3>\n<h3 align=\"center\"><span style=\"color: #800080;\">\u201e Na moim podw\u00f3rku\u201d<\/span><\/h3>\n<h4 align=\"center\">( s\u0142. i muz. Bo\u017cena Forma)<\/h4>\n<h3 style=\"text-align: center;\" align=\"left\">I. Na moim podw\u00f3rku,<\/h3>\n<h3 style=\"text-align: center;\" align=\"left\">kiedy s\u0142o\u0144ce \u015bwieci,<\/h3>\n<h3 style=\"text-align: center;\" align=\"left\">bawi\u0105 si\u0119 weso\u0142o<\/h3>\n<h3 style=\"text-align: center;\" align=\"left\">w piaskownicy dzieci.<\/h3>\n<h3 style=\"text-align: center;\" align=\"left\">Ref: Do wsp\u00f3lnej zabawy dzi\u015b zapraszam Was.<\/h3>\n<h3 style=\"text-align: center;\" align=\"left\">Na moim podw\u00f3rku mi\u0142o p\u0142ynie czas.<\/h3>\n<h3 style=\"text-align: center;\" align=\"left\">II. Na moim podw\u00f3rku,<\/h3>\n<h3 style=\"text-align: center;\" align=\"left\">kiedy deszczyk pada,<\/h3>\n<h3 style=\"text-align: center;\" align=\"left\">skacz\u0119 przez ka\u0142u\u017ce.<\/h3>\n<h3 style=\"text-align: center;\" align=\"left\">To \u015bwietna zabawa.<\/h3>\n<h3 style=\"text-align: center;\" align=\"left\">Ref: Do wsp\u00f3lnej\u2026\u2026<\/h3>\n<h3 style=\"text-align: center;\" align=\"left\">III. Na moim podw\u00f3rku,<\/h3>\n<h3 style=\"text-align: center;\" align=\"left\">jest du\u017ce boisko,<\/h3>\n<h3 style=\"text-align: center;\" align=\"left\">zim\u0105 si\u0119 zamienia<\/h3>\n<h3 style=\"text-align: center;\" align=\"left\">w pi\u0119kne lodowisko.<\/h3>\n<h3 style=\"text-align: center;\" align=\"left\">Ref: Do wsp\u00f3lnej\u2026.<\/h3>\n<p>&nbsp;<\/p>\n<h2 style=\"text-align: center;\"><span style=\"color: #ff6600;\">4 LATKI<\/span><\/h2>\n<h3><span style=\"color: #ffff00;\">I Nasza Ziemia<\/span><\/h3>\n<h3>&#8211; poznawanie ludzi r\u00f3\u017cnych raz, okre\u015blanie miejsca ich zamieszkania, warunk\u00f3w klimatycznych, w jakich \u017cyj\u0105<\/h3>\n<h3>&#8211; poznawanie zwyczaj\u00f3w ludzi r\u00f3\u017cnych ras (ubi\u00f3r, mieszkanie)<\/h3>\n<h3>&#8211; zwracanie uwagi na zabawy dzieci z r\u00f3\u017cnych region\u00f3w \u015bwiata<\/h3>\n<h3>&#8211; szanowanie odr\u0119bno\u015bci narodowych, etnicznych, j\u0119zykowych ludzi innych ras (zwracanie uwagi na r\u00f3wno\u015b\u0107 praw wszystkich ludzi)<\/h3>\n<h3><span style=\"color: #ffff00;\">II Nasze bezpiecze\u0144stwo na co dzie\u0144<\/span><\/h3>\n<h3>&#8211; poznawanie sytuacji zagra\u017caj\u0105cych bezpiecze\u0144stwu:<\/h3>\n<ul>\n<li>\n<h3>bawienia si\u0119 w miejscach niedozwolonych, np. przy ruchliwej ulicy, na zamarzni\u0119ty m stawie<\/h3>\n<\/li>\n<li>\n<h3>zabaw r\u00f3\u017cnymi \u017ar\u00f3d\u0142ami ognia, kt\u00f3re mog\u0105 by\u0107 przyczyn\u0105 po\u017caru<\/h3>\n<\/li>\n<li>\n<h3>rozmawiania z obcymi lud\u017ami, odchodzenia z nimi<\/h3>\n<\/li>\n<li>\n<h3>zbli\u017cania si\u0119 do nieznajomych zwierz\u0105t, zw\u0142aszcza ps\u00f3w<\/h3>\n<\/li>\n<\/ul>\n<h3>&#8211; bezpieczne korzystanie z urz\u0105dze\u0144 znajduj\u0105cych si\u0119 na placu zabaw<\/h3>\n<h3><span style=\"color: #ffff00;\">III Jeste\u015bmy Polakami<\/span><\/h3>\n<h3>&#8211; poznawanie wa\u017cniejszych region\u00f3w Polski, znajduj\u0105cych si\u0119 tam bogactw naturalnych<\/h3>\n<h3>&#8211; poznawanie wybranych \u015brodk\u00f3w transportu: l\u0105dowego, wodnego, powietrznego<\/h3>\n<h3>&#8211; poznawanie sytuacji zagra\u017caj\u0105cych bezpiecze\u0144stwu:<\/h3>\n<ul>\n<li>\n<h3>nieoddalania si\u0119 od rodzic\u00f3w (opiekun\u00f3w) w miejscach publicznych<\/h3>\n<\/li>\n<li>\n<h3>bawienia si\u0119 w miejscach niedozwolonych, np. przy ruchliwej ulicy, na zamarzni\u0119ty m stawie<\/h3>\n<\/li>\n<li>\n<h3>rozmawiania z obcymi lud\u017ami, odchodzenia z nimi<\/h3>\n<\/li>\n<li>\n<h3>zbli\u017cania si\u0119 do nieznajomych zwierz\u0105t, zw\u0142aszcza ps\u00f3w<\/h3>\n<\/li>\n<li>\n<h3>jedzenia nieznanych ro\u015blin, brudnych owoc\u00f3w<\/h3>\n<\/li>\n<\/ul>\n<h3 style=\"text-align: center;\"><span style=\"color: #ff6600;\">Piosenka do utrwalenia<\/span><\/h3>\n<h4 style=\"text-align: center;\"><span lang=\"en-US\">(s\u0142. D. Gellner, muz. K. Kwiatkowska)<\/span><\/h4>\n<h3 style=\"text-align: center;\"><span lang=\"en-US\" style=\"color: #ffff00;\">,,Podajmy sobie r\u0119ce&#8221;<\/span><\/h3>\n<h3 style=\"text-align: center;\">1. Chociaz\u0307 s\u0301wiat doko\u0142a<\/h3>\n<h3 style=\"text-align: center;\">dziwny jest i wielki,<\/h3>\n<h3 style=\"text-align: center;\">a my tacy mali,<\/h3>\n<h3 style=\"text-align: center;\">mali jak kropelki.<\/h3>\n<h3 style=\"text-align: center;\">Ref.: Podajmy sobie re\u0328ce<\/h3>\n<h3 style=\"text-align: center;\">w zabawie i w piosence,<\/h3>\n<h3 style=\"text-align: center;\">w ogro\u0301dku przed domem,<\/h3>\n<h3 style=\"text-align: center;\">na \u0142a\u0328ce znajomej.<\/h3>\n<h3 style=\"text-align: center;\">Podajmy sobie re\u0328ce<\/h3>\n<h3 style=\"text-align: center;\">przez burze i przez te\u0328cze,<\/h3>\n<h3 style=\"text-align: center;\">pod gwiazda\u0328 daleka\u0328,<\/h3>\n<h3 style=\"text-align: center;\">nad rzeczka\u0328 i rzeka\u0328.<\/h3>\n<h3 style=\"text-align: center;\">2. Kiedy nagle z bajki<\/h3>\n<h3 style=\"text-align: center;\">zniknie dobra wro\u0301z\u0307ka,<\/h3>\n<h3 style=\"text-align: center;\">kiedy, szary smutek<\/h3>\n<h3 style=\"text-align: center;\">wpadnie do fartuszka.<\/h3>\n<h3 style=\"text-align: center;\">Ref.: Podajmy sobie&#8230;<\/h3>\n<h3 style=\"text-align: center;\">3. Choc\u0301 nas czasem dziela\u0328<\/h3>\n<h3 style=\"text-align: center;\">nieprzebyte go\u0301ry,<\/h3>\n<h3 style=\"text-align: center;\">nieskon\u0301czone drogi,<\/h3>\n<h3 style=\"text-align: center;\">zachmurzone chmury.<\/h3>\n<h3 style=\"text-align: center;\">Ref.: Podajmy sobie&#8230;<\/h3>\n<p>&nbsp;<\/p>\n<h2 style=\"text-align: center;\"><span style=\"color: #ff0000;\">5 LATKI<\/span><\/h2>\n<h3 align=\"justify\"><span style=\"color: #ff99cc;\">Tydzie\u0144 I: ,,\u015awi\u0119to rodzic\u00f3w\u201d<\/span><\/h3>\n<ul>\n<li>\n<h3>Zagadnienia tego tematu nie zosta\u0142y zrealizowane w miesi\u0105cu maju, wi\u0119c b\u0119d\u0105 realizowane w miesi\u0105cu czerwcu.<\/h3>\n<\/li>\n<\/ul>\n<h3><span style=\"color: #ff99cc;\">Tydzie\u0144 II: ,,Dzieci\u0119ce przyja\u017anie\u201d<\/span><\/h3>\n<ul>\n<li>\n<h3>rozwijanie mowy i my\u015blenia,<\/h3>\n<\/li>\n<li>\n<h3>umuzykalnianie, rozwijanie poczucia rytmu podczas gry na instrumentach perkusyjnych,<\/h3>\n<\/li>\n<li>\n<h3>rozwijanie umiej\u0119tno\u015bci wypowiadania si\u0119 na okre\u015blony temat,<\/h3>\n<\/li>\n<li>\n<h3>rozwijanie sprawno\u015bci manualnej i inwencji tw\u00f3rczej,<\/h3>\n<\/li>\n<li>\n<h3>\u0107wiczenia w liczeniu i tworzeniu zbior\u00f3w,<\/h3>\n<\/li>\n<li>\n<h3>rozwijanie sprawno\u015bci fizycznej, wyczucia cia\u0142a i przestrzeni,<\/h3>\n<\/li>\n<li>\n<h3>rozwijanie percepcji s\u0142uchowej,<\/h3>\n<\/li>\n<li>\n<h3>zach\u0119canie do wsp\u00f3lnej zabawy z m\u0142odszymi dzie\u0107mi,<\/h3>\n<\/li>\n<\/ul>\n<h3 align=\"justify\"><span style=\"color: #ff99cc;\">Tydzie\u0144 III: ,,Na naszym podw\u00f3rku\u201d<\/span><\/h3>\n<ul>\n<li>\n<h3>rozwijanie mowy i logicznego my\u015blenia,<\/h3>\n<\/li>\n<li>\n<h3>rozwijanie sprawno\u015bci fizyczne,<\/h3>\n<\/li>\n<li>\n<h3>rozwijanie umiej\u0119tno\u015bci wokalnych,<\/h3>\n<\/li>\n<li>\n<h3>rozwijanie zainteresowania przyrod\u0105 nieo\u017cywion\u0105,<\/h3>\n<\/li>\n<li>\n<h3>rozwijanie umiej\u0119tno\u015bci dodawania i odejmowania w zakresie 10,<\/h3>\n<\/li>\n<li>\n<h3>rozwijanie my\u015blenia przyczynowo-skutkowego,<\/h3>\n<\/li>\n<li>\n<h3>rozwijanie sprawno\u015bci manualnej,<\/h3>\n<\/li>\n<li>\n<h3>zwracanie uwagi na niebezpiecze\u0144stwa gro\u017c\u0105ce na placu zabaw,<\/h3>\n<\/li>\n<\/ul>\n<h3 align=\"justify\"><span style=\"color: #ff99cc;\">Tydzie\u0144 IV: ,,Nadszed\u0142 czas wakacji\u201d<\/span><\/h3>\n<ul>\n<li>\n<h3>rozwijanie mowy i logicznego my\u015blenia,<\/h3>\n<\/li>\n<li>\n<h3>rozwijanie sprawno\u015bci fizycznej,<\/h3>\n<\/li>\n<li>\n<h3>zapoznanie z r\u00f3\u017cnymi \u015brodkami komunikacji: l\u0105dowej, powietrznej i wodnej,<\/h3>\n<\/li>\n<li>\n<h3>rozwijanie sprawno\u015bci manualne,<\/h3>\n<\/li>\n<li>\n<h3>rozwijanie umiej\u0119tno\u015bci: liczenia, dodawania i odejmowania,<\/h3>\n<\/li>\n<li>\n<h3>rozwijanie sprawno\u015bci manualnej i inwencji tw\u00f3rczej,<\/h3>\n<\/li>\n<li>\n<h3>rozwijanie umiej\u0119tno\u015bci wypowiadania si\u0119 na okre\u015blony temat,<\/h3>\n<\/li>\n<li>\n<h3>rozwijanie umiej\u0119tno\u015bci wyra\u017cania muzyki ruchem,<\/h3>\n<\/li>\n<li>\n<h3>uczestniczenie w dzia\u0142aniach pozwalaj\u0105cych na przedstawienie swoich umiej\u0119tno\u015bci,<\/h3>\n<\/li>\n<\/ul>\n<h3 align=\"center\"><span style=\"color: #ff0000;\">Piosenka do utrwalenia<\/span><\/h3>\n<h3 align=\"center\"><span style=\"color: #ff99cc;\">,, Weso\u0142e wakacje\u201d<\/span><\/h3>\n<h4 align=\"center\">(s\u0142. i muz. D. i K. Jagie\u0142\u0142o)<\/h4>\n<h3 style=\"text-align: center;\">I. Ruszy\u0142 ju\u017c poci\u0105g nasz, mknie po torach,<br \/>\na za oknem przesuwa si\u0119 \u015bwiat,<br \/>\ndrzew ga\u0142\u0119zie k\u0142aniaj\u0105 si\u0119 nisko,<br \/>\npokazuj\u0105c kolory swych szat.<\/h3>\n<h3 style=\"text-align: center;\">Ref.: Weso\u0142e wakacje zacz\u0119\u0142y si\u0119 dzisiaj,<br \/>\n\u017cegnamy przedszkole, koleg\u00f3w i misia,<br \/>\nwzywaj\u0105 nas pola zielone i las,<br \/>\nniech \u017cyj\u0105 wakacje! \u2013 wyruszy\u0107 ju\u017c czas.<\/h3>\n<h3 style=\"text-align: center;\">II. W dole rzeka si\u0119 wije b\u0142\u0119kitna,<br \/>\nwytyczaj\u0105c do morza sw\u00f3j szlak,<br \/>\nju\u017c na dobre zacz\u0119\u0142o si\u0119 lato<br \/>\ni z rado\u015bci roz\u015bpiewa\u0142 si\u0119 ptak.<\/h3>\n<h3 style=\"text-align: center;\">Ref.: Weso\u0142e wakacje zacz\u0119\u0142y si\u0119 dzisiaj&#8230;<\/h3>\n<h3 style=\"text-align: center;\">III. Na wakacje p\u0119dzimy przed siebie,<br \/>\nswoim szumem pozdrawia nas wiatr,<br \/>\ngdzie\u015b za nami zosta\u0142y r\u00f3wniny<br \/>\ni witaj\u0105 nas ju\u017c szczyty Tatr.<\/h3>\n<h3 style=\"text-align: center;\">Ref.: Weso\u0142e wakacje zacz\u0119\u0142y si\u0119 dzisiaj&#8230;<\/h3>\n<p>&nbsp;<\/p>\n<h2 style=\"text-align: center;\"><span style=\"color: #3366ff;\">6 LATKI<\/span><\/h2>\n<h3><span style=\"color: #ff00ff;\">I. Takie same i inne<\/span><\/h3>\n<h3>&#8211; nazywanie ludzi r\u00f3\u017cnych ras, okre\u015blanie miejsc ich zamieszkania, warunk\u00f3w klimatycznych, w jakich \u017cyj\u0105<\/h3>\n<h3>&#8211; poznawanie zwyczaj\u00f3w ludzi r\u00f3\u017cnych ras (ubi\u00f3r, mieszkanie)<\/h3>\n<h3>&#8211; zwracanie uwagi na zabawy dzieci z r\u00f3\u017cnych region\u00f3w<\/h3>\n<h3>&#8211; dostrzeganie swojej niepowtarzalno\u015bci , a tak\u017ce niepowtarzalno\u015bci innych, szanowanie jej<\/h3>\n<h3>&#8211; okre\u015blanie podstawowych cech r\u00f3\u017cni\u0105cych poszczeg\u00f3lne figury<\/h3>\n<h3>&#8211; rozwijanie umiej\u0119tno\u015bci czytania<\/h3>\n<h3><span style=\"color: #ff00ff;\">II. Na naszym podw\u00f3rku<\/span><\/h3>\n<h3>Poznawanie sytuacji zagra\u017caj\u0105cych bezpiecze\u0144stwu:<\/h3>\n<h3>&#8211; bawienia si\u0119 w miejscach niedozwolonych,np. Przy ruchliwej ulicy, na zamarzni\u0119tym stawie<\/h3>\n<h3>&#8211; rozmawiania z obcymi lud\u017ami ( niepodawanie danych osobowych oraz nieprzekazywanie informacji na temat rodziny), odchodzenia z nimi<\/h3>\n<h3>&#8211; jedzenia nieznanych ro\u015blin, brudnych owoc\u00f3w<\/h3>\n<h3>&#8211; zbli\u017cania si\u0119 do nieznanych zwierz\u0105t, zw\u0142aszcza ps\u00f3w<\/h3>\n<h3>&#8211; bezpieczne korzystanie ze sprz\u0119tu sportowego, przybor\u00f3w, narz\u0119dzi znajduj\u0105cych si\u0119 na placu zabaw<\/h3>\n<h3>&#8211; przebywanie na \u015bwie\u017cym powietrzu; uczestniczenie w spacerach, zabawach i \u0107wiczeniach ruchowych<\/h3>\n<h3><span style=\"color: #ff00ff;\">III. Nadszed\u0142 czas wakacji<\/span><\/h3>\n<h3>-obserwowanie w spos\u00f3b bezpo\u015bredni i po\u015bredni, zmian zachodz\u0105cych w przyrodzie w wybranych \u015brodowiskach ( np. w lesie, na \u0142\u0105ce)<\/h3>\n<h3>&#8211; poznawanie oznak nowej pory roku<\/h3>\n<h3>&#8211; przestrzeganie odpowiedniego zachowania podczas burzy, huraganu<\/h3>\n<h3>&#8211; poznawanie r\u00f3\u017cnych \u015brodk\u00f3w transportu: l\u0105dowego, wodnego, powietrznego<\/h3>\n<h3>&#8211; czytanie kr\u00f3tkich , ilustrowanych tekst\u00f3w<\/h3>\n<h3>&#8211; rozwi\u0105zywanie zada\u0144 tekstowych na temat znanych dzieciom sytuacji; stosowanie metody symulacyjnej.<\/h3>\n<h3 align=\"center\"><span style=\"color: #0000ff;\">Piosenka do utrwalenia<\/span><\/h3>\n<h3 align=\"center\"><span style=\"color: #ff00ff;\">,,Do widzenia przedszkole\u201d<\/span><\/h3>\n<h3 align=\"center\">1. Gdy szed\u0142 wrzesie\u0144 przez zielony las<br \/>\nW deszczu z parasolem,<br \/>\nWszystkie dzieci wtedy<br \/>\nPierwszy raz, wita\u0142y przedszkole.<\/h3>\n<h3 style=\"text-align: center;\">Ref. Podajemy r\u0119ce do zabawy w kole<br \/>\nprzy naszej piosence witamy przedszkole<br \/>\noraz nasz\u0105 pani\u0105, lalki, pi\u0142ki misie<br \/>\nwitamy ju\u017c dzisiaj witamy!<\/h3>\n<h3 style=\"text-align: center;\">2. Przysz\u0142a zima, zagra\u0142 mro\u017any wiatr<br \/>\nGwi\u017cd\u017ce ju\u017c po polach.<br \/>\nSypn\u0105\u0142 \u015bniegiem, pozostawi\u0142 \u015blad<br \/>\nW drodze do przedszkola.<\/h3>\n<h3 style=\"text-align: center;\">3. Ju\u017c jask\u00f3\u0142ka, bia\u0142o-czarny ptak<br \/>\nGniazdo ma w stodole.<br \/>\nWko\u0142o ziele\u0144. To ju\u017c lata znak<br \/>\nCzas \u017cegna\u0107 przedszkole.<\/h3>\n<h3 style=\"text-align: center;\"><\/h3>\n","protected":false},"excerpt":{"rendered":"<p>3 LATKI I. Lubimy to samo, ale ka\u017cdy z nas jest inny: &#8211; zapoznanie z obchodami Dnia Dziecka &#8211; rozwijanie mowy &#8211; podkre\u015blanie szkodliwo\u015bci ha\u0142asu dla zdrowia &#8211; rozwijanie zdolno\u015bci wokalnych i ruchowych &#8211; rozwijanie umiej\u0119tno\u015bci rysowania postaci ludzkiej II. Moje podw\u00f3rko: &#8211; rozwijanie mowy i koncentracji uwagi &#8211; rozwijanie mowy -rozwijanie umiej\u0119tno\u015bci rozpoznawania wybranych&hellip; <br \/> <a class=\"read-more\" href=\"http:\/\/przedszkole.kosowlacki.pl\/wordpress\/zamierzenia-na-czerwiec-3\/\">Read more<\/a><\/p>\n","protected":false},"author":2,"featured_media":0,"comment_status":"open","ping_status":"open","sticky":false,"template":"","format":"standard","meta":[],"categories":[12],"tags":[],"_links":{"self":[{"href":"http:\/\/przedszkole.kosowlacki.pl\/wordpress\/wp-json\/wp\/v2\/posts\/12694"}],"collection":[{"href":"http:\/\/przedszkole.kosowlacki.pl\/wordpress\/wp-json\/wp\/v2\/posts"}],"about":[{"href":"http:\/\/przedszkole.kosowlacki.pl\/wordpress\/wp-json\/wp\/v2\/types\/post"}],"author":[{"embeddable":true,"href":"http:\/\/przedszkole.kosowlacki.pl\/wordpress\/wp-json\/wp\/v2\/users\/2"}],"replies":[{"embeddable":true,"href":"http:\/\/przedszkole.kosowlacki.pl\/wordpress\/wp-json\/wp\/v2\/comments?post=12694"}],"version-history":[{"count":3,"href":"http:\/\/przedszkole.kosowlacki.pl\/wordpress\/wp-json\/wp\/v2\/posts\/12694\/revisions"}],"predecessor-version":[{"id":12697,"href":"http:\/\/przedszkole.kosowlacki.pl\/wordpress\/wp-json\/wp\/v2\/posts\/12694\/revisions\/12697"}],"wp:attachment":[{"href":"http:\/\/przedszkole.kosowlacki.pl\/wordpress\/wp-json\/wp\/v2\/media?parent=12694"}],"wp:term":[{"taxonomy":"category","embeddable":true,"href":"http:\/\/przedszkole.kosowlacki.pl\/wordpress\/wp-json\/wp\/v2\/categories?post=12694"},{"taxonomy":"post_tag","embeddable":true,"href":"http:\/\/przedszkole.kosowlacki.pl\/wordpress\/wp-json\/wp\/v2\/tags?post=12694"}],"curies":[{"name":"wp","href":"https:\/\/api.w.org\/{rel}","templated":true}]}}