{"id":12568,"date":"2023-06-02T10:31:35","date_gmt":"2023-06-02T08:31:35","guid":{"rendered":"http:\/\/przedszkole.kosowlacki.pl\/wordpress\/?p=12568"},"modified":"2023-06-02T10:31:35","modified_gmt":"2023-06-02T08:31:35","slug":"dziekujemy-2","status":"publish","type":"post","link":"http:\/\/przedszkole.kosowlacki.pl\/wordpress\/dziekujemy-2\/","title":{"rendered":"DZIEKUJEMY!"},"content":{"rendered":"<p style=\"text-align: center;\"><strong>\u201eCzasem<\/strong><em><strong>\u00a0wdzi\u0119czno\u015b\u0107 trudno jest ubra\u0107 w s\u0142owa\u2026<\/strong><\/em><strong><em><br \/>\nwtedy proste &#8211; dzi\u0119kujemy &#8211; zawiera wszystko co chcemy wyrazi\u0107\u201d.<\/em><\/strong><\/p>\n<p style=\"text-align: center;\">Dzieci z Gminnego Przedszkola\u00a0 w Kosowie Lackim serdecznie dzi\u0119kuj\u0105 Burmistrzowi Miasta i Gminy Kos\u00f3w Lacki oraz \u00a0Rodzicom<\/p>\n<p style=\"text-align: center;\">za zaanga\u017cowanie, wsparcie finansowe oraz rzeczowe przy organizacji Dnia Dziecka.<\/p>\n<p style=\"text-align: right;\"><strong>\u201eKiedy \u015bmieje si\u0119 dziecko, \u015bmieje si\u0119 ca\u0142y \u015bwiat\u201d<\/strong><\/p>\n","protected":false},"excerpt":{"rendered":"<p>\u201eCzasem\u00a0wdzi\u0119czno\u015b\u0107 trudno jest ubra\u0107 w s\u0142owa\u2026 wtedy proste &#8211; dzi\u0119kujemy &#8211; zawiera wszystko co chcemy wyrazi\u0107\u201d. Dzieci z Gminnego Przedszkola\u00a0 w Kosowie Lackim serdecznie dzi\u0119kuj\u0105 Burmistrzowi Miasta i Gminy Kos\u00f3w Lacki oraz \u00a0Rodzicom za zaanga\u017cowanie, wsparcie finansowe oraz rzeczowe przy organizacji Dnia Dziecka. \u201eKiedy \u015bmieje si\u0119 dziecko, \u015bmieje si\u0119 ca\u0142y \u015bwiat\u201d<\/p>\n","protected":false},"author":8,"featured_media":0,"comment_status":"open","ping_status":"open","sticky":false,"template":"","format":"standard","meta":[],"categories":[10],"tags":[],"_links":{"self":[{"href":"http:\/\/przedszkole.kosowlacki.pl\/wordpress\/wp-json\/wp\/v2\/posts\/12568"}],"collection":[{"href":"http:\/\/przedszkole.kosowlacki.pl\/wordpress\/wp-json\/wp\/v2\/posts"}],"about":[{"href":"http:\/\/przedszkole.kosowlacki.pl\/wordpress\/wp-json\/wp\/v2\/types\/post"}],"author":[{"embeddable":true,"href":"http:\/\/przedszkole.kosowlacki.pl\/wordpress\/wp-json\/wp\/v2\/users\/8"}],"replies":[{"embeddable":true,"href":"http:\/\/przedszkole.kosowlacki.pl\/wordpress\/wp-json\/wp\/v2\/comments?post=12568"}],"version-history":[{"count":1,"href":"http:\/\/przedszkole.kosowlacki.pl\/wordpress\/wp-json\/wp\/v2\/posts\/12568\/revisions"}],"predecessor-version":[{"id":12569,"href":"http:\/\/przedszkole.kosowlacki.pl\/wordpress\/wp-json\/wp\/v2\/posts\/12568\/revisions\/12569"}],"wp:attachment":[{"href":"http:\/\/przedszkole.kosowlacki.pl\/wordpress\/wp-json\/wp\/v2\/media?parent=12568"}],"wp:term":[{"taxonomy":"category","embeddable":true,"href":"http:\/\/przedszkole.kosowlacki.pl\/wordpress\/wp-json\/wp\/v2\/categories?post=12568"},{"taxonomy":"post_tag","embeddable":true,"href":"http:\/\/przedszkole.kosowlacki.pl\/wordpress\/wp-json\/wp\/v2\/tags?post=12568"}],"curies":[{"name":"wp","href":"https:\/\/api.w.org\/{rel}","templated":true}]}}