{"id":12522,"date":"2023-06-01T12:32:36","date_gmt":"2023-06-01T10:32:36","guid":{"rendered":"http:\/\/przedszkole.kosowlacki.pl\/wordpress\/?p=12522"},"modified":"2023-06-01T12:32:36","modified_gmt":"2023-06-01T10:32:36","slug":"dzien-dziecka-5","status":"publish","type":"post","link":"http:\/\/przedszkole.kosowlacki.pl\/wordpress\/dzien-dziecka-5\/","title":{"rendered":"Dzie\u0144 Dziecka"},"content":{"rendered":"<p style=\"text-align: center;\">1 czerwca &#8211;\u00a0 Dzie\u0144 Dziecka zosta\u0142 ustanowiony w 1954 r. przez Zgromadzenie Og\u00f3lne Organizacji Narod\u00f3w Zjednoczonych (ONZ) dla upowszechniania idea\u0142\u00f3w i cel\u00f3w dotycz\u0105cych praw dziecka. Jest to wyj\u0105tkowy dzie\u0144 w roku dla ka\u017cdego dziecka, kojarzony z r\u00f3\u017cnymi atrakcjami i zabawami.<\/p>\n<p style=\"text-align: center;\">Przedszkolaki\u00a0 z ut\u0119sknieniem czekaj\u0105 na ten dzie\u0144.\u00a0 Dzie\u0144 Dziecka w naszym przedszkolu jest pe\u0142en atrakcji i zabawy, tak aby dzieci mia\u0142y zapewnione mn\u00f3stwo\u00a0 frajdy!\u00a0 Od rana panuje \u015bwietny nastr\u00f3j i u\u015bmiechy na twarzach! Przedszkolaki bawi\u0105 si\u0119 od rana na dmucha\u0144cach i zajadaj\u0105 wat\u0119 cukrow\u0105. Rado\u015bci nie ma ko\u0144ca! Dok\u0142adamy wszelkich stara\u0144 aby ten dzie\u0144 by\u0142 dla nich pe\u0142en wra\u017ce\u0144 i pozytywnych emocji.<\/p>\n<p style=\"text-align: center;\">Kochane Dzieci, wszystkiego najlepszego w dniu Waszego \u015bwi\u0119ta!<\/p>\n<p>&nbsp;<\/p>\n<p>&nbsp;<\/p>\n<p style=\"text-align: right;\">A. Ferenc<\/p>\n","protected":false},"excerpt":{"rendered":"<p>1 czerwca &#8211;\u00a0 Dzie\u0144 Dziecka zosta\u0142 ustanowiony w 1954 r. przez Zgromadzenie Og\u00f3lne Organizacji Narod\u00f3w Zjednoczonych (ONZ) dla upowszechniania idea\u0142\u00f3w i cel\u00f3w dotycz\u0105cych praw dziecka. Jest to wyj\u0105tkowy dzie\u0144 w roku dla ka\u017cdego dziecka, kojarzony z r\u00f3\u017cnymi atrakcjami i zabawami. Przedszkolaki\u00a0 z ut\u0119sknieniem czekaj\u0105 na ten dzie\u0144.\u00a0 Dzie\u0144 Dziecka w naszym przedszkolu jest pe\u0142en atrakcji&hellip; <br \/> <a class=\"read-more\" href=\"http:\/\/przedszkole.kosowlacki.pl\/wordpress\/dzien-dziecka-5\/\">Read more<\/a><\/p>\n","protected":false},"author":8,"featured_media":0,"comment_status":"open","ping_status":"open","sticky":false,"template":"","format":"standard","meta":[],"categories":[10],"tags":[],"_links":{"self":[{"href":"http:\/\/przedszkole.kosowlacki.pl\/wordpress\/wp-json\/wp\/v2\/posts\/12522"}],"collection":[{"href":"http:\/\/przedszkole.kosowlacki.pl\/wordpress\/wp-json\/wp\/v2\/posts"}],"about":[{"href":"http:\/\/przedszkole.kosowlacki.pl\/wordpress\/wp-json\/wp\/v2\/types\/post"}],"author":[{"embeddable":true,"href":"http:\/\/przedszkole.kosowlacki.pl\/wordpress\/wp-json\/wp\/v2\/users\/8"}],"replies":[{"embeddable":true,"href":"http:\/\/przedszkole.kosowlacki.pl\/wordpress\/wp-json\/wp\/v2\/comments?post=12522"}],"version-history":[{"count":1,"href":"http:\/\/przedszkole.kosowlacki.pl\/wordpress\/wp-json\/wp\/v2\/posts\/12522\/revisions"}],"predecessor-version":[{"id":12523,"href":"http:\/\/przedszkole.kosowlacki.pl\/wordpress\/wp-json\/wp\/v2\/posts\/12522\/revisions\/12523"}],"wp:attachment":[{"href":"http:\/\/przedszkole.kosowlacki.pl\/wordpress\/wp-json\/wp\/v2\/media?parent=12522"}],"wp:term":[{"taxonomy":"category","embeddable":true,"href":"http:\/\/przedszkole.kosowlacki.pl\/wordpress\/wp-json\/wp\/v2\/categories?post=12522"},{"taxonomy":"post_tag","embeddable":true,"href":"http:\/\/przedszkole.kosowlacki.pl\/wordpress\/wp-json\/wp\/v2\/tags?post=12522"}],"curies":[{"name":"wp","href":"https:\/\/api.w.org\/{rel}","templated":true}]}}