{"id":12431,"date":"2023-05-30T13:18:35","date_gmt":"2023-05-30T11:18:35","guid":{"rendered":"http:\/\/przedszkole.kosowlacki.pl\/wordpress\/?p=12431"},"modified":"2023-05-30T13:31:44","modified_gmt":"2023-05-30T11:31:44","slug":"dzien-mamy-i-taty-2","status":"publish","type":"post","link":"http:\/\/przedszkole.kosowlacki.pl\/wordpress\/dzien-mamy-i-taty-2\/","title":{"rendered":"DZIE\u0143 MAMY I TATY"},"content":{"rendered":"<p style=\"margin: 0cm; margin-bottom: .0001pt; text-align: center; line-height: 150%; background: white;\" align=\"center\"><strong><i><span style=\"color: #343a40;\">W du\u017cym bukiecie majowe kwiatki,<\/span><\/i><\/strong><\/p>\n<p style=\"margin: 0cm; margin-bottom: .0001pt; text-align: center; line-height: 150%; background: white; box-sizing: border-box; outline: 0px; overflow-wrap: break-word; font-variant-ligatures: normal; font-variant-caps: normal; orphans: 2; widows: 2; -webkit-text-stroke-width: 0px; text-decoration-thickness: initial; text-decoration-style: initial; text-decoration-color: initial; word-spacing: 0px;\" align=\"center\"><strong style=\"box-sizing: border-box; outline: 0px;\"><i><span style=\"color: #343a40;\">zakwit\u0142y dzisiaj na \u015awi\u0119to Matki.<\/span><\/i><\/strong><\/p>\n<p style=\"margin: 0cm; margin-bottom: .0001pt; text-align: center; line-height: 150%; background: white; box-sizing: border-box; outline: 0px; overflow-wrap: break-word; font-variant-ligatures: normal; font-variant-caps: normal; orphans: 2; widows: 2; -webkit-text-stroke-width: 0px; text-decoration-thickness: initial; text-decoration-style: initial; text-decoration-color: initial; word-spacing: 0px;\" align=\"center\"><strong style=\"box-sizing: border-box; outline: 0px;\"><i><span style=\"color: #343a40;\">Majowe kwiatki wst\u0105\u017ck\u0105 zwi\u0105zane,<\/span><\/i><\/strong><\/p>\n<p style=\"margin: 0cm; margin-bottom: .0001pt; text-align: center; line-height: 150%; background: white; box-sizing: border-box; outline: 0px; overflow-wrap: break-word; font-variant-ligatures: normal; font-variant-caps: normal; orphans: 2; widows: 2; -webkit-text-stroke-width: 0px; text-decoration-thickness: initial; text-decoration-style: initial; text-decoration-color: initial; word-spacing: 0px;\" align=\"center\"><strong style=\"box-sizing: border-box; outline: 0px;\"><i><span style=\"color: #343a40;\">niech sto lat \u017cyj\u0105 Mamy Kochane!<\/span><\/i><\/strong><\/p>\n<p style=\"margin: 0cm; margin-bottom: .0001pt; text-align: center; line-height: 150%; background: white;\" align=\"center\"><strong><i><span style=\"color: #343a40;\">W dniu \u015awi\u0119ta Taty<\/span><\/i><\/strong><\/p>\n<p style=\"margin: 0cm; margin-bottom: .0001pt; text-align: center; line-height: 150%; background: white;\" align=\"center\"><strong><i><span style=\"color: #343a40;\">rado\u015bnie serce mi bije.<\/span><\/i><\/strong><\/p>\n<p style=\"margin: 0cm; margin-bottom: .0001pt; text-align: center; line-height: 150%; background: white;\" align=\"center\"><strong><i><span style=\"color: #343a40;\">Wi\u0119c krzykn\u0119 razem z innymi:<\/span><\/i><\/strong><\/p>\n<p style=\"margin: 0cm; margin-bottom: .0001pt; text-align: center; line-height: 150%; background: white;\" align=\"center\"><strong><i><span style=\"color: #343a40;\">Drogi Tatu\u015b niech \u017cyje!<\/span><\/i><\/strong><\/p>\n<p style=\"margin: 0cm; margin-bottom: .0001pt; text-align: center; line-height: 150%; background: white;\" align=\"center\"><span style=\"color: #343a40;\">\u00a0<\/span><\/p>\n<p style=\"margin: 0cm; margin-bottom: .0001pt; text-align: center; line-height: 150%; background: white; box-sizing: border-box; outline: 0px; overflow-wrap: break-word; font-variant-ligatures: normal; font-variant-caps: normal; orphans: 2; widows: 2; -webkit-text-stroke-width: 0px; text-decoration-thickness: initial; text-decoration-style: initial; text-decoration-color: initial; word-spacing: 0px;\" align=\"center\"><span style=\"color: #343a40;\">30 maja w Naszym przedszkolu \u015bwi\u0119towali\u015bmy jeden z najwspanialszych dni w roku \u2013 DZIE\u0143 MAMY I TATY. A jaka jacy s\u0105 rodzice? Wszystkie dzieci jednog\u0142o\u015bnie odpowiedzia\u0142y \u201e\u00a0<strong style=\"box-sizing: border-box; outline: 0px;\">NAJWSPANIALSI, NAJUKOCHA\u0143SI, NAJLEPSI<\/strong>\u201d.<\/span><\/p>\n<p style=\"text-align: center; line-height: 150%; background: white; box-sizing: border-box; outline: 0px; overflow-wrap: break-word; font-variant-ligatures: normal; font-variant-caps: normal; orphans: 2; widows: 2; -webkit-text-stroke-width: 0px; text-decoration-thickness: initial; text-decoration-style: initial; text-decoration-color: initial; word-spacing: 0px; margin: 0cm 0cm 12.0pt 0cm;\" align=\"center\"><span style=\"color: #343a40;\">Z tej okazji przedszkolaki przygotowa\u0142y dla swoich Rodzic\u00f3w wyst\u0119py s\u0142owno-muzyczne, a tak\u017ce w\u0142asnor\u0119cznie wykonane upominki. Dzieci pi\u0119knie recytowa\u0142y, \u015bpiewa\u0142y i ta\u0144czy\u0142y- tym samym podzi\u0119kowa\u0142y swoim rodzicom za\u00a0 trud w\u0142o\u017cony w ich wychowanie, trosk\u0119 i opiek\u0119, a przede wszystkim za bezgraniczn\u0105 mi\u0142o\u015b\u0107 jak\u0105 je darz\u0105.<\/span><\/p>\n<p style=\"text-align: center; line-height: 150%; background: white; box-sizing: border-box; outline: 0px; overflow-wrap: break-word; font-variant-ligatures: normal; font-variant-caps: normal; orphans: 2; widows: 2; -webkit-text-stroke-width: 0px; text-decoration-thickness: initial; text-decoration-style: initial; text-decoration-color: initial; word-spacing: 0px; margin: 0cm 0cm 12.0pt 0cm;\" align=\"center\"><span style=\"color: #343a40;\">Wszystkim Mamom i Tatusiom jeszcze raz sk\u0142adamy najserdeczniejsze \u017cyczenia,<\/span><\/p>\n<p style=\"text-align: center; line-height: 150%; background: white; box-sizing: border-box; outline: 0px; overflow-wrap: break-word; font-variant-ligatures: normal; font-variant-caps: normal; orphans: 2; widows: 2; -webkit-text-stroke-width: 0px; text-decoration-thickness: initial; text-decoration-style: initial; text-decoration-color: initial; word-spacing: 0px; margin: 0cm 0cm 12.0pt 0cm;\" align=\"center\"><span style=\"color: #343a40;\">aby na Waszych twarzach zawsze go\u015bci\u0142 u\u015bmiech, a ka\u017cdy dzie\u0144 przynosi\u0142 kolejne powody do dumy z Waszych dzieci. \u017byczymy tak\u017ce spe\u0142nienia w ka\u017cdej dziedzinie \u017cycia, u\u015bmiechu i energii, pasji do dzia\u0142ania i samorealizacji.\u00a0<\/span><\/p>\n<p style=\"text-align: right;\" align=\"center\">E, Skorupka<\/p>\n","protected":false},"excerpt":{"rendered":"<p>W du\u017cym bukiecie majowe kwiatki, zakwit\u0142y dzisiaj na \u015awi\u0119to Matki. Majowe kwiatki wst\u0105\u017ck\u0105 zwi\u0105zane, niech sto lat \u017cyj\u0105 Mamy Kochane! W dniu \u015awi\u0119ta Taty rado\u015bnie serce mi bije. Wi\u0119c krzykn\u0119 razem z innymi: Drogi Tatu\u015b niech \u017cyje! \u00a0 30 maja w Naszym przedszkolu \u015bwi\u0119towali\u015bmy jeden z najwspanialszych dni w roku \u2013 DZIE\u0143 MAMY I TATY.&hellip; <br \/> <a class=\"read-more\" href=\"http:\/\/przedszkole.kosowlacki.pl\/wordpress\/dzien-mamy-i-taty-2\/\">Read more<\/a><\/p>\n","protected":false},"author":8,"featured_media":0,"comment_status":"open","ping_status":"open","sticky":false,"template":"","format":"standard","meta":[],"categories":[10],"tags":[],"_links":{"self":[{"href":"http:\/\/przedszkole.kosowlacki.pl\/wordpress\/wp-json\/wp\/v2\/posts\/12431"}],"collection":[{"href":"http:\/\/przedszkole.kosowlacki.pl\/wordpress\/wp-json\/wp\/v2\/posts"}],"about":[{"href":"http:\/\/przedszkole.kosowlacki.pl\/wordpress\/wp-json\/wp\/v2\/types\/post"}],"author":[{"embeddable":true,"href":"http:\/\/przedszkole.kosowlacki.pl\/wordpress\/wp-json\/wp\/v2\/users\/8"}],"replies":[{"embeddable":true,"href":"http:\/\/przedszkole.kosowlacki.pl\/wordpress\/wp-json\/wp\/v2\/comments?post=12431"}],"version-history":[{"count":3,"href":"http:\/\/przedszkole.kosowlacki.pl\/wordpress\/wp-json\/wp\/v2\/posts\/12431\/revisions"}],"predecessor-version":[{"id":12434,"href":"http:\/\/przedszkole.kosowlacki.pl\/wordpress\/wp-json\/wp\/v2\/posts\/12431\/revisions\/12434"}],"wp:attachment":[{"href":"http:\/\/przedszkole.kosowlacki.pl\/wordpress\/wp-json\/wp\/v2\/media?parent=12431"}],"wp:term":[{"taxonomy":"category","embeddable":true,"href":"http:\/\/przedszkole.kosowlacki.pl\/wordpress\/wp-json\/wp\/v2\/categories?post=12431"},{"taxonomy":"post_tag","embeddable":true,"href":"http:\/\/przedszkole.kosowlacki.pl\/wordpress\/wp-json\/wp\/v2\/tags?post=12431"}],"curies":[{"name":"wp","href":"https:\/\/api.w.org\/{rel}","templated":true}]}}