{"id":12326,"date":"2023-05-25T17:45:04","date_gmt":"2023-05-25T15:45:04","guid":{"rendered":"http:\/\/przedszkole.kosowlacki.pl\/wordpress\/?p=12326"},"modified":"2023-05-25T17:45:04","modified_gmt":"2023-05-25T15:45:04","slug":"zajecia-otwarte-w-grupie-tygryski","status":"publish","type":"post","link":"http:\/\/przedszkole.kosowlacki.pl\/wordpress\/zajecia-otwarte-w-grupie-tygryski\/","title":{"rendered":"Zaj\u0119cia otwarte w grupie &#8222;Tygryski&#8221;"},"content":{"rendered":"<p>Zaj\u0119cia otwarte w grupie ,,Tygryski\u201d.<\/p>\n<p>Wsp\u00f3\u0142praca z rodzicami jest fundamentem pracy nauczyciela z dzieckiem. Aby efekty wychowawcze i dydaktyczne by\u0142y na wysokim poziomie niezb\u0119dna jest w\u0142a\u015bnie ta wsp\u00f3\u0142praca. Zaj\u0119cia otwarte stanowi\u0105 wa\u017cny element \u017cycia przedszkola i pozwalaj\u0105 na zaprezentowanie osi\u0105gni\u0119\u0107 grupy, ale tak\u017ce na budowaniu zaufania. Tamtem tygodnia by\u0142a Wiosenna \u0142\u0105ka, a tematem dnia Biedroneczko, le\u0107 do nieba. Na pocz\u0105tek dzieci wys\u0142ucha\u0142y opowiadania pt. \u201eNiespodzianka biedronki\u201d, a tak\u017ce odpowiedzia\u0142y na kilka pyta\u0144, kt\u00f3re dotyczy\u0142y tekstu. Tygryski wsp\u00f3lnie z rodzicami wys\u0142ucha\u0142y tak\u017ce kilku zagadek. Przedszkolaki podobnie jak go\u015bcie \u015bwietnie bawi\u0142y si\u0119 przy zabawie ruchowej \u201eNa \u0142\u0105ce\u201d. Dzieci pochwali\u0142y si\u0119 te\u017c umiej\u0119tno\u015bciami matematycznymi, sprawnie przelicza\u0142y czerwone biedronki. Na zako\u0144czenie zaj\u0119\u0107 dzieci wsp\u00f3lnie z rodzicami wykona\u0142y prace plastyczne, kt\u00f3ra zdobi\u0105 teraz sal\u0119.<\/p>\n<p>&nbsp;<\/p>\n<p>&nbsp;<\/p>\n<p style=\"text-align: right;\">K.Trebnio<\/p>\n","protected":false},"excerpt":{"rendered":"<p>Zaj\u0119cia otwarte w grupie ,,Tygryski\u201d. Wsp\u00f3\u0142praca z rodzicami jest fundamentem pracy nauczyciela z dzieckiem. Aby efekty wychowawcze i dydaktyczne by\u0142y na wysokim poziomie niezb\u0119dna jest w\u0142a\u015bnie ta wsp\u00f3\u0142praca. Zaj\u0119cia otwarte stanowi\u0105 wa\u017cny element \u017cycia przedszkola i pozwalaj\u0105 na zaprezentowanie osi\u0105gni\u0119\u0107 grupy, ale tak\u017ce na budowaniu zaufania. Tamtem tygodnia by\u0142a Wiosenna \u0142\u0105ka, a tematem dnia Biedroneczko,&hellip; <br \/> <a class=\"read-more\" href=\"http:\/\/przedszkole.kosowlacki.pl\/wordpress\/zajecia-otwarte-w-grupie-tygryski\/\">Read more<\/a><\/p>\n","protected":false},"author":8,"featured_media":0,"comment_status":"open","ping_status":"open","sticky":false,"template":"","format":"standard","meta":[],"categories":[10],"tags":[],"_links":{"self":[{"href":"http:\/\/przedszkole.kosowlacki.pl\/wordpress\/wp-json\/wp\/v2\/posts\/12326"}],"collection":[{"href":"http:\/\/przedszkole.kosowlacki.pl\/wordpress\/wp-json\/wp\/v2\/posts"}],"about":[{"href":"http:\/\/przedszkole.kosowlacki.pl\/wordpress\/wp-json\/wp\/v2\/types\/post"}],"author":[{"embeddable":true,"href":"http:\/\/przedszkole.kosowlacki.pl\/wordpress\/wp-json\/wp\/v2\/users\/8"}],"replies":[{"embeddable":true,"href":"http:\/\/przedszkole.kosowlacki.pl\/wordpress\/wp-json\/wp\/v2\/comments?post=12326"}],"version-history":[{"count":1,"href":"http:\/\/przedszkole.kosowlacki.pl\/wordpress\/wp-json\/wp\/v2\/posts\/12326\/revisions"}],"predecessor-version":[{"id":12327,"href":"http:\/\/przedszkole.kosowlacki.pl\/wordpress\/wp-json\/wp\/v2\/posts\/12326\/revisions\/12327"}],"wp:attachment":[{"href":"http:\/\/przedszkole.kosowlacki.pl\/wordpress\/wp-json\/wp\/v2\/media?parent=12326"}],"wp:term":[{"taxonomy":"category","embeddable":true,"href":"http:\/\/przedszkole.kosowlacki.pl\/wordpress\/wp-json\/wp\/v2\/categories?post=12326"},{"taxonomy":"post_tag","embeddable":true,"href":"http:\/\/przedszkole.kosowlacki.pl\/wordpress\/wp-json\/wp\/v2\/tags?post=12326"}],"curies":[{"name":"wp","href":"https:\/\/api.w.org\/{rel}","templated":true}]}}