{"id":12324,"date":"2023-05-25T09:21:23","date_gmt":"2023-05-25T07:21:23","guid":{"rendered":"http:\/\/przedszkole.kosowlacki.pl\/wordpress\/?p=12324"},"modified":"2023-05-25T09:21:23","modified_gmt":"2023-05-25T07:21:23","slug":"wycieczka-przedszkolakow-do-siedlec","status":"publish","type":"post","link":"http:\/\/przedszkole.kosowlacki.pl\/wordpress\/wycieczka-przedszkolakow-do-siedlec\/","title":{"rendered":"Wycieczka Przedszkolak\u00f3w do Siedlec"},"content":{"rendered":"<p>&nbsp;<\/p>\n<p>&nbsp;<\/p>\n<p style=\"text-align: center;\">\u00a024 maja \u00a0dzieci z naszego przedszkola\u00a0wyruszy\u0142y na wycieczk\u0119 do Siedlec. W programie by\u0142a sala zabaw<em> \u201eM\u0142ynek&#8221;<\/em> oraz film \u201eErnest i Celestyna: Misja muzyka\u201d.<\/p>\n<p style=\"text-align: center;\">Celem naszej wycieczki by\u0142a przede wszystkim integracja grup r\u00f3wie\u015bniczych, rozwijanie motoryki du\u017cej i ma\u0142ej dzieci oraz stworzenie mo\u017cliwo\u015bci radosnego sp\u0119dzenia czasu.<\/p>\n<p style=\"text-align: center;\">W sali zabaw niezwyk\u0142\u0105 atrakcj\u0105 dla dzieci okaza\u0142y si\u0119 zje\u017cd\u017calnie, baseny z kuleczkami oraz labirynty. Du\u017cym zainteresowaniem cieszy\u0142y si\u0119 r\u00f3wnie\u017c pojazdy, koniki, trampoliny, sznurkowa karuzela. Ka\u017cdy, kto poczu\u0142 zm\u0119czenie, m\u00f3g\u0142 skorzysta\u0107 z zacisznego k\u0105cika malucha, w kt\u00f3rym mo\u017cna by\u0142o odpocz\u0105\u0107, pobawi\u0107 si\u0119 klockami i zabawkami edukacyjnymi.<\/p>\n<p style=\"text-align: center;\">W kinie nudy nie by\u0142o \u2013 du\u017co w\u0105tk\u00f3w, wiele postaci, same atrakcje. Dzieci by\u0142y zachwycone. U\u015bmiechni\u0119te buzie oraz pe\u0142ne przej\u0119cia komentarze by\u0142y potwierdzeniem dobrze sp\u0119dzonego dnia.<\/p>\n<p style=\"text-align: center;\">Wyjazdy edukacyjne maj\u0105 zawsze posmak przygody. Nic wi\u0119c dziwnego, \u017ce wspomnienia o wycieczce i zdarzeniach jej towarzysz\u0105cych s\u0105 bardzo trwa\u0142e, zapadaj\u0105 g\u0142\u0119boko\u00a0w pami\u0119ci na d\u0142ugie lata.<\/p>\n<p style=\"text-align: right;\">E. Ciesielska<\/p>\n","protected":false},"excerpt":{"rendered":"<p>&nbsp; &nbsp; \u00a024 maja \u00a0dzieci z naszego przedszkola\u00a0wyruszy\u0142y na wycieczk\u0119 do Siedlec. W programie by\u0142a sala zabaw \u201eM\u0142ynek&#8221; oraz film \u201eErnest i Celestyna: Misja muzyka\u201d. Celem naszej wycieczki by\u0142a przede wszystkim integracja grup r\u00f3wie\u015bniczych, rozwijanie motoryki du\u017cej i ma\u0142ej dzieci oraz stworzenie mo\u017cliwo\u015bci radosnego sp\u0119dzenia czasu. W sali zabaw niezwyk\u0142\u0105 atrakcj\u0105 dla dzieci okaza\u0142y si\u0119&hellip; <br \/> <a class=\"read-more\" href=\"http:\/\/przedszkole.kosowlacki.pl\/wordpress\/wycieczka-przedszkolakow-do-siedlec\/\">Read more<\/a><\/p>\n","protected":false},"author":8,"featured_media":0,"comment_status":"open","ping_status":"open","sticky":false,"template":"","format":"standard","meta":[],"categories":[10],"tags":[],"_links":{"self":[{"href":"http:\/\/przedszkole.kosowlacki.pl\/wordpress\/wp-json\/wp\/v2\/posts\/12324"}],"collection":[{"href":"http:\/\/przedszkole.kosowlacki.pl\/wordpress\/wp-json\/wp\/v2\/posts"}],"about":[{"href":"http:\/\/przedszkole.kosowlacki.pl\/wordpress\/wp-json\/wp\/v2\/types\/post"}],"author":[{"embeddable":true,"href":"http:\/\/przedszkole.kosowlacki.pl\/wordpress\/wp-json\/wp\/v2\/users\/8"}],"replies":[{"embeddable":true,"href":"http:\/\/przedszkole.kosowlacki.pl\/wordpress\/wp-json\/wp\/v2\/comments?post=12324"}],"version-history":[{"count":1,"href":"http:\/\/przedszkole.kosowlacki.pl\/wordpress\/wp-json\/wp\/v2\/posts\/12324\/revisions"}],"predecessor-version":[{"id":12325,"href":"http:\/\/przedszkole.kosowlacki.pl\/wordpress\/wp-json\/wp\/v2\/posts\/12324\/revisions\/12325"}],"wp:attachment":[{"href":"http:\/\/przedszkole.kosowlacki.pl\/wordpress\/wp-json\/wp\/v2\/media?parent=12324"}],"wp:term":[{"taxonomy":"category","embeddable":true,"href":"http:\/\/przedszkole.kosowlacki.pl\/wordpress\/wp-json\/wp\/v2\/categories?post=12324"},{"taxonomy":"post_tag","embeddable":true,"href":"http:\/\/przedszkole.kosowlacki.pl\/wordpress\/wp-json\/wp\/v2\/tags?post=12324"}],"curies":[{"name":"wp","href":"https:\/\/api.w.org\/{rel}","templated":true}]}}