{"id":12312,"date":"2023-05-23T12:51:20","date_gmt":"2023-05-23T10:51:20","guid":{"rendered":"http:\/\/przedszkole.kosowlacki.pl\/wordpress\/?p=12312"},"modified":"2023-05-23T12:51:20","modified_gmt":"2023-05-23T10:51:20","slug":"zajecia-otwarte-w-grupie-misie","status":"publish","type":"post","link":"http:\/\/przedszkole.kosowlacki.pl\/wordpress\/zajecia-otwarte-w-grupie-misie\/","title":{"rendered":"Zaj\u0119cia otwarte w grupie \u201e Misie\u201d"},"content":{"rendered":"<p>&nbsp;<\/p>\n<p style=\"text-align: center;\">Zaj\u0119cia otwarte to spotkania, dzi\u0119ki kt\u00f3rym rodzice mog\u0105 zobaczy\u0107, jak funkcjonuje dziecko w grupie przedszkolnej. Tematem przewodnim zaj\u0119\u0107 \u00a0by\u0142a \u00a0wiosenna \u0142\u0105ka i jej mieszka\u0144cy. Dzieci wsp\u00f3lnie z rodzicami przelicza\u0142y, rozwi\u0105zywa\u0142y zagadki, wykonywa\u0142y zadania, uczestniczy\u0142y w zabawach muzyczno-ruchowych, a tak\u017ce stworzy\u0142y wspania\u0142e prace plastyczne. Dzi\u0119kujemy wszystkim za aktywny udzia\u0142 w zaj\u0119ciach.<\/p>\n<p style=\"text-align: center;\">Ewa Godlewska<\/p>\n","protected":false},"excerpt":{"rendered":"<p>&nbsp; Zaj\u0119cia otwarte to spotkania, dzi\u0119ki kt\u00f3rym rodzice mog\u0105 zobaczy\u0107, jak funkcjonuje dziecko w grupie przedszkolnej. Tematem przewodnim zaj\u0119\u0107 \u00a0by\u0142a \u00a0wiosenna \u0142\u0105ka i jej mieszka\u0144cy. Dzieci wsp\u00f3lnie z rodzicami przelicza\u0142y, rozwi\u0105zywa\u0142y zagadki, wykonywa\u0142y zadania, uczestniczy\u0142y w zabawach muzyczno-ruchowych, a tak\u017ce stworzy\u0142y wspania\u0142e prace plastyczne. Dzi\u0119kujemy wszystkim za aktywny udzia\u0142 w zaj\u0119ciach. Ewa Godlewska<\/p>\n","protected":false},"author":8,"featured_media":0,"comment_status":"open","ping_status":"open","sticky":false,"template":"","format":"standard","meta":[],"categories":[10],"tags":[],"_links":{"self":[{"href":"http:\/\/przedszkole.kosowlacki.pl\/wordpress\/wp-json\/wp\/v2\/posts\/12312"}],"collection":[{"href":"http:\/\/przedszkole.kosowlacki.pl\/wordpress\/wp-json\/wp\/v2\/posts"}],"about":[{"href":"http:\/\/przedszkole.kosowlacki.pl\/wordpress\/wp-json\/wp\/v2\/types\/post"}],"author":[{"embeddable":true,"href":"http:\/\/przedszkole.kosowlacki.pl\/wordpress\/wp-json\/wp\/v2\/users\/8"}],"replies":[{"embeddable":true,"href":"http:\/\/przedszkole.kosowlacki.pl\/wordpress\/wp-json\/wp\/v2\/comments?post=12312"}],"version-history":[{"count":1,"href":"http:\/\/przedszkole.kosowlacki.pl\/wordpress\/wp-json\/wp\/v2\/posts\/12312\/revisions"}],"predecessor-version":[{"id":12313,"href":"http:\/\/przedszkole.kosowlacki.pl\/wordpress\/wp-json\/wp\/v2\/posts\/12312\/revisions\/12313"}],"wp:attachment":[{"href":"http:\/\/przedszkole.kosowlacki.pl\/wordpress\/wp-json\/wp\/v2\/media?parent=12312"}],"wp:term":[{"taxonomy":"category","embeddable":true,"href":"http:\/\/przedszkole.kosowlacki.pl\/wordpress\/wp-json\/wp\/v2\/categories?post=12312"},{"taxonomy":"post_tag","embeddable":true,"href":"http:\/\/przedszkole.kosowlacki.pl\/wordpress\/wp-json\/wp\/v2\/tags?post=12312"}],"curies":[{"name":"wp","href":"https:\/\/api.w.org\/{rel}","templated":true}]}}