{"id":12235,"date":"2023-05-22T09:25:38","date_gmt":"2023-05-22T07:25:38","guid":{"rendered":"http:\/\/przedszkole.kosowlacki.pl\/wordpress\/?p=12235"},"modified":"2023-05-22T09:27:55","modified_gmt":"2023-05-22T07:27:55","slug":"ii-miejsce-naszego-przedszkolaka-w-konkursie-plastycznym-moj-aniol-stroz","status":"publish","type":"post","link":"http:\/\/przedszkole.kosowlacki.pl\/wordpress\/ii-miejsce-naszego-przedszkolaka-w-konkursie-plastycznym-moj-aniol-stroz\/","title":{"rendered":"II miejsce naszego przedszkolaka w konkursie plastycznym ,,M\u00f3j Anio\u0142 Str\u00f3\u017c&#8221;"},"content":{"rendered":"<h3>Gminne Przedszkole w Kosowie Lackim po raz kolejny wzi\u0119\u0142o udzia\u0142 w XI Og\u00f3lnopolskim Konkursie Plastycznym organizowanym przez Katolickie Przedszkole \u015bw. Antoniego w W\u0119growie .<\/h3>\n<h3>Tytu\u0142 konkursu ,, M\u00f3j Anio\u0142 Str\u00f3\u017c\u2019\u2019.<\/h3>\n<h3>Honorowy patronat sprawowa\u0142 :<\/h3>\n<h3>Biskup Drohiczy\u0144ski Piotr Sawczuk,<\/h3>\n<h3>Senator Maria Koc,<\/h3>\n<h3>Starosta Powiatu W\u0119growskiego Ewa Besztak,<\/h3>\n<h3>Burmistrz Miasta W\u0119growa Pawe\u0142 Marchela,<\/h3>\n<h3>Akademia Katolicka w Warszawie.<\/h3>\n<h3>Na konkurs wp\u0142yn\u0119\u0142o 306 prac z 58 plac\u00f3wek.<\/h3>\n<h3>II miejsce w grupie wiekowej dzieci 5 letnich zdoby\u0142 nasz przedszkolak z grupy Biedronek <span style=\"color: #ff0000;\">Alan<\/span> <span style=\"color: #ff0000;\">Zadro\u017cny<\/span> pod opiek\u0105 Pani katechetki Bo\u017ceny Gaw\u0142owskiej.<\/h3>\n<h3>\u00a0Gratulujemy<\/h3>\n","protected":false},"excerpt":{"rendered":"<p>Gminne Przedszkole w Kosowie Lackim po raz kolejny wzi\u0119\u0142o udzia\u0142 w XI Og\u00f3lnopolskim Konkursie Plastycznym organizowanym przez Katolickie Przedszkole \u015bw. Antoniego w W\u0119growie . Tytu\u0142 konkursu ,, M\u00f3j Anio\u0142 Str\u00f3\u017c\u2019\u2019. Honorowy patronat sprawowa\u0142 : Biskup Drohiczy\u0144ski Piotr Sawczuk, Senator Maria Koc, Starosta Powiatu W\u0119growskiego Ewa Besztak, Burmistrz Miasta W\u0119growa Pawe\u0142 Marchela, Akademia Katolicka w Warszawie.&hellip; <br \/> <a class=\"read-more\" href=\"http:\/\/przedszkole.kosowlacki.pl\/wordpress\/ii-miejsce-naszego-przedszkolaka-w-konkursie-plastycznym-moj-aniol-stroz\/\">Read more<\/a><\/p>\n","protected":false},"author":2,"featured_media":0,"comment_status":"open","ping_status":"open","sticky":false,"template":"","format":"standard","meta":[],"categories":[10],"tags":[],"_links":{"self":[{"href":"http:\/\/przedszkole.kosowlacki.pl\/wordpress\/wp-json\/wp\/v2\/posts\/12235"}],"collection":[{"href":"http:\/\/przedszkole.kosowlacki.pl\/wordpress\/wp-json\/wp\/v2\/posts"}],"about":[{"href":"http:\/\/przedszkole.kosowlacki.pl\/wordpress\/wp-json\/wp\/v2\/types\/post"}],"author":[{"embeddable":true,"href":"http:\/\/przedszkole.kosowlacki.pl\/wordpress\/wp-json\/wp\/v2\/users\/2"}],"replies":[{"embeddable":true,"href":"http:\/\/przedszkole.kosowlacki.pl\/wordpress\/wp-json\/wp\/v2\/comments?post=12235"}],"version-history":[{"count":3,"href":"http:\/\/przedszkole.kosowlacki.pl\/wordpress\/wp-json\/wp\/v2\/posts\/12235\/revisions"}],"predecessor-version":[{"id":12241,"href":"http:\/\/przedszkole.kosowlacki.pl\/wordpress\/wp-json\/wp\/v2\/posts\/12235\/revisions\/12241"}],"wp:attachment":[{"href":"http:\/\/przedszkole.kosowlacki.pl\/wordpress\/wp-json\/wp\/v2\/media?parent=12235"}],"wp:term":[{"taxonomy":"category","embeddable":true,"href":"http:\/\/przedszkole.kosowlacki.pl\/wordpress\/wp-json\/wp\/v2\/categories?post=12235"},{"taxonomy":"post_tag","embeddable":true,"href":"http:\/\/przedszkole.kosowlacki.pl\/wordpress\/wp-json\/wp\/v2\/tags?post=12235"}],"curies":[{"name":"wp","href":"https:\/\/api.w.org\/{rel}","templated":true}]}}