{"id":12157,"date":"2023-05-16T14:27:59","date_gmt":"2023-05-16T12:27:59","guid":{"rendered":"http:\/\/przedszkole.kosowlacki.pl\/wordpress\/?p=12157"},"modified":"2023-05-16T14:27:59","modified_gmt":"2023-05-16T12:27:59","slug":"zaproszenie-na-zajecia-otwarte-w-grupie-tygryski","status":"publish","type":"post","link":"http:\/\/przedszkole.kosowlacki.pl\/wordpress\/zaproszenie-na-zajecia-otwarte-w-grupie-tygryski\/","title":{"rendered":"Zaproszenie na zaj\u0119cia otwarte w grupie ,,Tygryski&#8221;"},"content":{"rendered":"<h2 align=\"left\">Wychowawca i dzieci z grupy <span style=\"color: #ff6600;\">,,Tygryski\u201d<\/span> zapraszaj\u0105 swoich rodzic\u00f3w na zaj\u0119cia otwarte,kt\u00f3re odb\u0119d\u0105 si\u0119 <span style=\"color: #ff6600;\">25 maja <\/span>o godzinie <span style=\"color: #ff6600;\">10.00<\/span> w sali grupy.<\/h2>\n","protected":false},"excerpt":{"rendered":"<p>Wychowawca i dzieci z grupy ,,Tygryski\u201d zapraszaj\u0105 swoich rodzic\u00f3w na zaj\u0119cia otwarte,kt\u00f3re odb\u0119d\u0105 si\u0119 25 maja o godzinie 10.00 w sali grupy.<\/p>\n","protected":false},"author":2,"featured_media":0,"comment_status":"open","ping_status":"open","sticky":false,"template":"","format":"standard","meta":[],"categories":[11],"tags":[],"_links":{"self":[{"href":"http:\/\/przedszkole.kosowlacki.pl\/wordpress\/wp-json\/wp\/v2\/posts\/12157"}],"collection":[{"href":"http:\/\/przedszkole.kosowlacki.pl\/wordpress\/wp-json\/wp\/v2\/posts"}],"about":[{"href":"http:\/\/przedszkole.kosowlacki.pl\/wordpress\/wp-json\/wp\/v2\/types\/post"}],"author":[{"embeddable":true,"href":"http:\/\/przedszkole.kosowlacki.pl\/wordpress\/wp-json\/wp\/v2\/users\/2"}],"replies":[{"embeddable":true,"href":"http:\/\/przedszkole.kosowlacki.pl\/wordpress\/wp-json\/wp\/v2\/comments?post=12157"}],"version-history":[{"count":1,"href":"http:\/\/przedszkole.kosowlacki.pl\/wordpress\/wp-json\/wp\/v2\/posts\/12157\/revisions"}],"predecessor-version":[{"id":12158,"href":"http:\/\/przedszkole.kosowlacki.pl\/wordpress\/wp-json\/wp\/v2\/posts\/12157\/revisions\/12158"}],"wp:attachment":[{"href":"http:\/\/przedszkole.kosowlacki.pl\/wordpress\/wp-json\/wp\/v2\/media?parent=12157"}],"wp:term":[{"taxonomy":"category","embeddable":true,"href":"http:\/\/przedszkole.kosowlacki.pl\/wordpress\/wp-json\/wp\/v2\/categories?post=12157"},{"taxonomy":"post_tag","embeddable":true,"href":"http:\/\/przedszkole.kosowlacki.pl\/wordpress\/wp-json\/wp\/v2\/tags?post=12157"}],"curies":[{"name":"wp","href":"https:\/\/api.w.org\/{rel}","templated":true}]}}