{"id":12153,"date":"2023-05-16T14:25:21","date_gmt":"2023-05-16T12:25:21","guid":{"rendered":"http:\/\/przedszkole.kosowlacki.pl\/wordpress\/?p=12153"},"modified":"2023-05-16T14:25:21","modified_gmt":"2023-05-16T12:25:21","slug":"zaproszenie-na-zajecia-otwarte-w-grupie-misie","status":"publish","type":"post","link":"http:\/\/przedszkole.kosowlacki.pl\/wordpress\/zaproszenie-na-zajecia-otwarte-w-grupie-misie\/","title":{"rendered":"Zaproszenie na zaj\u0119cia otwarte w grupie ,,Misie&#8221;"},"content":{"rendered":"<h2 align=\"left\">Wychowawca i dzieci z grupy <span style=\"color: #ff0000;\"><strong>,,Misie\u201d<\/strong><\/span> zapraszaj\u0105 swoich rodzic\u00f3w na zaj\u0119cia otwarte,kt\u00f3re odb\u0119d\u0105 si\u0119 <span style=\"color: #ff0000;\"><strong>23 maja<\/strong><\/span> o godzinie <strong><span style=\"color: #ff0000;\">10.15 <\/span><\/strong>w sali grupy.<\/h2>\n","protected":false},"excerpt":{"rendered":"<p>Wychowawca i dzieci z grupy ,,Misie\u201d zapraszaj\u0105 swoich rodzic\u00f3w na zaj\u0119cia otwarte,kt\u00f3re odb\u0119d\u0105 si\u0119 23 maja o godzinie 10.15 w sali grupy.<\/p>\n","protected":false},"author":2,"featured_media":0,"comment_status":"open","ping_status":"open","sticky":false,"template":"","format":"standard","meta":[],"categories":[11],"tags":[],"_links":{"self":[{"href":"http:\/\/przedszkole.kosowlacki.pl\/wordpress\/wp-json\/wp\/v2\/posts\/12153"}],"collection":[{"href":"http:\/\/przedszkole.kosowlacki.pl\/wordpress\/wp-json\/wp\/v2\/posts"}],"about":[{"href":"http:\/\/przedszkole.kosowlacki.pl\/wordpress\/wp-json\/wp\/v2\/types\/post"}],"author":[{"embeddable":true,"href":"http:\/\/przedszkole.kosowlacki.pl\/wordpress\/wp-json\/wp\/v2\/users\/2"}],"replies":[{"embeddable":true,"href":"http:\/\/przedszkole.kosowlacki.pl\/wordpress\/wp-json\/wp\/v2\/comments?post=12153"}],"version-history":[{"count":1,"href":"http:\/\/przedszkole.kosowlacki.pl\/wordpress\/wp-json\/wp\/v2\/posts\/12153\/revisions"}],"predecessor-version":[{"id":12154,"href":"http:\/\/przedszkole.kosowlacki.pl\/wordpress\/wp-json\/wp\/v2\/posts\/12153\/revisions\/12154"}],"wp:attachment":[{"href":"http:\/\/przedszkole.kosowlacki.pl\/wordpress\/wp-json\/wp\/v2\/media?parent=12153"}],"wp:term":[{"taxonomy":"category","embeddable":true,"href":"http:\/\/przedszkole.kosowlacki.pl\/wordpress\/wp-json\/wp\/v2\/categories?post=12153"},{"taxonomy":"post_tag","embeddable":true,"href":"http:\/\/przedszkole.kosowlacki.pl\/wordpress\/wp-json\/wp\/v2\/tags?post=12153"}],"curies":[{"name":"wp","href":"https:\/\/api.w.org\/{rel}","templated":true}]}}